{"id":43896,"date":"2023-02-13T06:54:20","date_gmt":"2023-02-13T10:54:20","guid":{"rendered":"https:\/\/jms.com.bo\/mediamonitor\/2023\/02\/13\/morales-sobre-la-economia-recomendamos-al-bdp-que-baje-el-interes-anual-al-6-la-gente-humilde-no-accede-a-creditos\/"},"modified":"2023-02-13T06:54:20","modified_gmt":"2023-02-13T10:54:20","slug":"morales-sobre-la-economia-recomendamos-al-bdp-que-baje-el-interes-anual-al-6-la-gente-humilde-no-accede-a-creditos","status":"publish","type":"post","link":"https:\/\/jms.com.bo\/mediamonitor\/2023\/02\/13\/morales-sobre-la-economia-recomendamos-al-bdp-que-baje-el-interes-anual-al-6-la-gente-humilde-no-accede-a-creditos\/","title":{"rendered":"Morales sobre la econom\u00eda: Recomendamos al BDP que baje el inter\u00e9s anual al 6%, la gente humilde no accede a cr\u00e9ditos"},"content":{"rendered":"<p style=\"text-align: justify;\">El expresidente y jefe del Movimiento Al Socialismo (MAS), Evo Morales, se refiri\u00f3 a la econom\u00eda en el pa\u00eds, principalmente del sector del comercio, quienes le manifestaron que ya no hay venta como en a\u00f1os anteriores. En ese entendido, recomend\u00f3 este domingo a las autoridades a que bajen el inter\u00e9s que da la estatal Banco de Desarrollo Productivo (BDP) del 11 al % 6%, con el fin de que la \u201cgente humilde\u201d acceda a los cr\u00e9ditos.<\/p>\n<p style=\"text-align: justify;\">\u201cEs estas charlas que tuve con los comerciantes de Villaz\u00f3n, qu\u00e9 me dec\u00edan ellos: en Navidad y A\u00f1o Nuevo hab\u00eda m\u00e1s vendedores que compradores, eso qu\u00e9 significa, que no hay mucho movimiento econ\u00f3mico. Ahora, en la disciplina fiscal, para evitar d\u00e9ficit, es cuidar a la macroeconom\u00eda, pero descuidando la microeconom\u00eda\u201d, observ\u00f3 durante su programa dominical en RKC.<\/p>\n<p style=\"text-align: justify;\">Dijo que tambi\u00e9n sostuvo reuniones con un grupo de empresarios privados de Cochabamba, quienes tambi\u00e9n le transmitieron su preocupaci\u00f3n por el poco movimiento econ\u00f3mico que hay en el pa\u00eds.<\/p>\n<p style=\"text-align: justify;\">\u201cEntonces, cuando se suben los intereses, la gente humilde no se presta plata (&#8230;). La mejor forma de c\u00f3mo inyectar recursos econ\u00f3micos son con intereses bajos y aprovecho esta oportunidad para decirle p\u00fablicamente a nuestro Gobierno, estaba revisando algunos datos, hemos creado el BDP (&#8230;.), con un inter\u00e9s anual del 6%, ahora se tiene que bajar nuevamente el inter\u00e9s del 11% anual al 6%, tal vez hasta que mejore la econom\u00eda\u201d, sugiri\u00f3 Morales.<\/p>\n<p style=\"text-align: justify;\">Reiter\u00f3 que cuando se suben los intereses, la gente \u201chumilde\u201d no accede al cr\u00e9dito, por tanto, no hay movimiento econ\u00f3mico ni se inyecta plata.<\/p>\n<p style=\"text-align: justify;\">\u201cEvitar la inflaci\u00f3n con contracci\u00f3n econ\u00f3mica, hace mucho da\u00f1o a la gente humilde, a la gente pobre, en el instrumento pol\u00edtico estamos estudiando algunos programas (&#8230;)\u201d, agreg\u00f3.<\/p>\n<p style=\"text-align: justify;\">\n","protected":false},"excerpt":{"rendered":"<p>El expresidente y jefe del Movimiento Al Socialismo (MAS), Evo Morales, se refiri\u00f3 a la econom\u00eda en el pa\u00eds, principalmente del sector del comercio, quienes le manifestaron que ya no hay venta como en a\u00f1os anteriores. En ese entendido, recomend\u00f3 este domingo a las autoridades a que bajen el inter\u00e9s que da la estatal Banco [&hellip;]<\/p>\n","protected":false},"author":4,"featured_media":43897,"comment_status":"open","ping_status":"open","sticky":false,"template":"","format":"standard","meta":{"footnotes":""},"categories":[20],"tags":[],"class_list":{"0":"post-43896","1":"post","2":"type-post","3":"status-publish","4":"format-standard","5":"has-post-thumbnail","7":"category-actualidad"},"_links":{"self":[{"href":"https:\/\/jms.com.bo\/mediamonitor\/wp-json\/wp\/v2\/posts\/43896","targetHints":{"allow":["GET"]}}],"collection":[{"href":"https:\/\/jms.com.bo\/mediamonitor\/wp-json\/wp\/v2\/posts"}],"about":[{"href":"https:\/\/jms.com.bo\/mediamonitor\/wp-json\/wp\/v2\/types\/post"}],"author":[{"embeddable":true,"href":"https:\/\/jms.com.bo\/mediamonitor\/wp-json\/wp\/v2\/users\/4"}],"replies":[{"embeddable":true,"href":"https:\/\/jms.com.bo\/mediamonitor\/wp-json\/wp\/v2\/comments?post=43896"}],"version-history":[{"count":0,"href":"https:\/\/jms.com.bo\/mediamonitor\/wp-json\/wp\/v2\/posts\/43896\/revisions"}],"wp:featuredmedia":[{"embeddable":true,"href":"https:\/\/jms.com.bo\/mediamonitor\/wp-json\/wp\/v2\/media\/43897"}],"wp:attachment":[{"href":"https:\/\/jms.com.bo\/mediamonitor\/wp-json\/wp\/v2\/media?parent=43896"}],"wp:term":[{"taxonomy":"category","embeddable":true,"href":"https:\/\/jms.com.bo\/mediamonitor\/wp-json\/wp\/v2\/categories?post=43896"},{"taxonomy":"post_tag","embeddable":true,"href":"https:\/\/jms.com.bo\/mediamonitor\/wp-json\/wp\/v2\/tags?post=43896"}],"curies":[{"name":"wp","href":"https:\/\/api.w.org\/{rel}","templated":true}]}}