{"id":43902,"date":"2023-02-13T06:58:42","date_gmt":"2023-02-13T10:58:42","guid":{"rendered":"https:\/\/jms.com.bo\/mediamonitor\/2023\/02\/13\/iglesia-no-ve-que-la-justicia-sea-para-todos-y-acudira-a-declarar-cuando-sea-citada\/"},"modified":"2023-02-13T06:58:42","modified_gmt":"2023-02-13T10:58:42","slug":"iglesia-no-ve-que-la-justicia-sea-para-todos-y-acudira-a-declarar-cuando-sea-citada","status":"publish","type":"post","link":"https:\/\/jms.com.bo\/mediamonitor\/2023\/02\/13\/iglesia-no-ve-que-la-justicia-sea-para-todos-y-acudira-a-declarar-cuando-sea-citada\/","title":{"rendered":"Iglesia no ve que la justicia sea para todos y acudir\u00e1 a declarar cuando sea citada"},"content":{"rendered":"<p style=\"text-align: justify;\">La Iglesia Cat\u00f3lica cuestion\u00f3 que la administraci\u00f3n de justicia en pa\u00eds \u201cno sea igual para todos\u201d y lo hizo en el contexto del mensaje semanal pronunciado ayer por sacerdotes y obispos. Adem\u00e1s, la entidad religiosa, a trav\u00e9s del arzobispo de Paz, Percy Galv\u00e1n, indic\u00f3 que el clero cat\u00f3lico asistir\u00e1 a la convocatoria de fiscales y de otras instancias para informar el alcance de su actuaci\u00f3n en el contexto de la crisis pol\u00edtica de 2019.<\/p>\n<p style=\"text-align: justify;\">\u201cComo Conferencia Episcopal, y como Iglesia, hemos fijado la postura de estar siempre a disposici\u00f3n para aclarar cualquier duda sobre este tema, el de nuestra participaci\u00f3n como obispos y en la participaci\u00f3n de la Iglesia en aquellos momentos tan dif\u00edciles y cr\u00edticos que le toco vivir a nuestro pa\u00eds\u201d, dijo el vocero episcopal en un contacto con los periodistas.<\/p>\n<p style=\"text-align: justify;\">La Procuradur\u00eda General del Estado solicit\u00f3 el 30 de enero al fiscal Omar Mejillones, encargado de investigar el caso \u2018golpe I\u2019, citar a declarar a los integrantes de la CEB que participaron en las negociaciones para pacificar el pa\u00eds.<\/p>\n<p style=\"text-align: justify;\">El caso est\u00e1 relacionado con los sucesos que marcaron la renuncia de Evo Morales a la presidencia, quien ese a\u00f1o se postul\u00f3 para un cuarto mandato consecutivo a pesar de los resultados del refer\u00e9ndum de 2016 que ratificaron la prohibici\u00f3n constitucional, precisamente, sobre la reelecci\u00f3n.<\/p>\n<p style=\"text-align: justify;\">\u201cA lo mejor est\u00e1n buscando amedrentar, pero eso es desconocer la naturaleza de la Iglesia. M\u00e1s bien tenemos m\u00e1s fortaleza. No vamos a actuar nunca de forma arbitraria. El hecho de ser religioso no nos impide de prestar cualquier declaraci\u00f3n. No gozamos, como falsamente se entiende, de ning\u00fan privilegio\u201d. apunt\u00f3 Galv\u00e1n.<\/p>\n<p style=\"text-align: justify;\">Consider\u00f3 que hay una persecuci\u00f3n pol\u00edtica en este proceso judicial que desconoci\u00f3 el mandato de la expresidenta transitoria Jeanine \u00c1\u00f1ez. El MAS abandon\u00f3 la idea de juzgarla a trav\u00e9s de un juicio de responsabilidades. \u201cSomos curas viejos; hemos recibido muchas amenazas. Esta historia es larga, pero estamos con la idea de poner por encima de todo, la verdad\u201d, se\u00f1alo el prelado pace\u00f1o.<\/p>\n<p style=\"text-align: justify;\">Por su lado, el arzobispo de Santa Cruz, Ren\u00e9 Leigue Cesar\u00ed, urgi\u00f3 en su mensaje la reforma de la justicia. \u201cLa justicia debe ser para todos, con leyes que se cumplan, como corresponde, para todos y no solo para algunos. Porque ahora la ley est\u00e1 muy desequilibrada, para algunos es muy pesada y para otros muy liviana\u201d, cuestion\u00f3 la autoridad religiosa.<\/p>\n<p style=\"text-align: justify;\">\u201cLas autoridades se sienten con el poder de poner el peso de la ley a otros, pero no son capaces de cumplirla como corresponde. Tenemos tantas leyes en el pa\u00eds. \u00bfDe qu\u00e9 manera se est\u00e1n cumpliendo? \u00bfQui\u00e9nes la cumplen o a qui\u00e9nes se las hacen cumplir? Se habla que tenemos estas leyes y que hay que aplicarlas caiga quien caiga, pero a veces cae quien no tiene que caer. Eso es lo que vivimos ahora\u201d, reflexion\u00f3 Leigue.<\/p>\n<p style=\"text-align: justify;\">Los legisladores del MAS respaldaron las acciones de la Fiscal\u00eda en esta investigaci\u00f3n, auque desde su facci\u00f3n evista cuestionaron al Gobierno por demorar. \u201cEl Ministro de Justicia se ha descuidado en hacer los procesos judiciales para que todos respondan por sus actos. Todos tienen que venir a responder. ya estamos yendo al tercer a\u00f1o\u201d, opin\u00f3 el diputado Ramiro Venegas (MAS) sin mencionar espec\u00edficamente la citaci\u00f3n a los sacerdotes.<\/p>\n<p style=\"text-align: justify;\">Rechazo<\/p>\n<p style=\"text-align: justify;\">El expresidente Carlos Mesa dijo que el MAS activ\u00f3 una estrategia para tapar el fraude de 2019, el a\u00f1o en el que Evo Morales renunci\u00f3 y opt\u00f3 por salir del pa\u00eds. Eso s\u00ed, desde el MAS anticipan muchas m\u00e1s citaciones contra los opositores.<\/p>\n","protected":false},"excerpt":{"rendered":"<p>La Iglesia Cat\u00f3lica cuestion\u00f3 que la administraci\u00f3n de justicia en pa\u00eds \u201cno sea igual para todos\u201d y lo hizo en el contexto del mensaje semanal pronunciado ayer por sacerdotes y obispos. Adem\u00e1s, la entidad religiosa, a trav\u00e9s del arzobispo de Paz, Percy Galv\u00e1n, indic\u00f3 que el clero cat\u00f3lico asistir\u00e1 a la convocatoria de fiscales y [&hellip;]<\/p>\n","protected":false},"author":4,"featured_media":43903,"comment_status":"open","ping_status":"open","sticky":false,"template":"","format":"standard","meta":{"footnotes":""},"categories":[18],"tags":[],"class_list":{"0":"post-43902","1":"post","2":"type-post","3":"status-publish","4":"format-standard","5":"has-post-thumbnail","7":"category-politica"},"_links":{"self":[{"href":"https:\/\/jms.com.bo\/mediamonitor\/wp-json\/wp\/v2\/posts\/43902","targetHints":{"allow":["GET"]}}],"collection":[{"href":"https:\/\/jms.com.bo\/mediamonitor\/wp-json\/wp\/v2\/posts"}],"about":[{"href":"https:\/\/jms.com.bo\/mediamonitor\/wp-json\/wp\/v2\/types\/post"}],"author":[{"embeddable":true,"href":"https:\/\/jms.com.bo\/mediamonitor\/wp-json\/wp\/v2\/users\/4"}],"replies":[{"embeddable":true,"href":"https:\/\/jms.com.bo\/mediamonitor\/wp-json\/wp\/v2\/comments?post=43902"}],"version-history":[{"count":0,"href":"https:\/\/jms.com.bo\/mediamonitor\/wp-json\/wp\/v2\/posts\/43902\/revisions"}],"wp:featuredmedia":[{"embeddable":true,"href":"https:\/\/jms.com.bo\/mediamonitor\/wp-json\/wp\/v2\/media\/43903"}],"wp:attachment":[{"href":"https:\/\/jms.com.bo\/mediamonitor\/wp-json\/wp\/v2\/media?parent=43902"}],"wp:term":[{"taxonomy":"category","embeddable":true,"href":"https:\/\/jms.com.bo\/mediamonitor\/wp-json\/wp\/v2\/categories?post=43902"},{"taxonomy":"post_tag","embeddable":true,"href":"https:\/\/jms.com.bo\/mediamonitor\/wp-json\/wp\/v2\/tags?post=43902"}],"curies":[{"name":"wp","href":"https:\/\/api.w.org\/{rel}","templated":true}]}}