{"id":43904,"date":"2023-02-13T06:59:55","date_gmt":"2023-02-13T10:59:55","guid":{"rendered":"https:\/\/jms.com.bo\/mediamonitor\/2023\/02\/13\/anez-no-tiene-documento-que-la-pueda-acreditar-como-presidenta-aseguro-richter-quien-dijo-en-2019-que-la-sucesion-fue-legal\/"},"modified":"2023-02-13T06:59:55","modified_gmt":"2023-02-13T10:59:55","slug":"anez-no-tiene-documento-que-la-pueda-acreditar-como-presidenta-aseguro-richter-quien-dijo-en-2019-que-la-sucesion-fue-legal","status":"publish","type":"post","link":"https:\/\/jms.com.bo\/mediamonitor\/2023\/02\/13\/anez-no-tiene-documento-que-la-pueda-acreditar-como-presidenta-aseguro-richter-quien-dijo-en-2019-que-la-sucesion-fue-legal\/","title":{"rendered":"\u201cA\u00f1ez no tiene documento que la pueda acreditar como presidenta\u201d, asegur\u00f3 Richter, quien dijo en 2019 que la sucesi\u00f3n fue legal"},"content":{"rendered":"<p style=\"text-align: justify;\">El Vocero presidencial, Jorge Richter, asegur\u00f3 que Jeanine A\u00f1ez no cuenta con un documento que acredite que fue presidenta en el periodo 2019-2020. Sin embargo, en 2019, Richter indic\u00f3 que la sucesi\u00f3n de A\u00f1ez hacia la presidencia fue constitucional.<\/p>\n<p style=\"text-align: justify;\">\u201cLa se\u00f1ora A\u00f1ez no tiene documento alguno que la pueda acreditar como Presidenta del Estado\u201d, asegur\u00f3 Richter en una entrevista en Radio Kawsachun Coca, el s\u00e1bado.<\/p>\n<p style=\"text-align: justify;\">El Vocero se\u00f1al\u00f3 que A\u00f1ez no jur\u00f3 al cargo tal como mandan los preceptos constitucionales y que la misma no tiene ninguna validez ante la mirada de los sectores populares, por ello insisti\u00f3 que no cuenta con un documento que diga que fue presidenta.<\/p>\n<p style=\"text-align: justify;\">\u201c\u00bfPuede la se\u00f1ora \u00c1\u00f1ez acreditar un papel, un documento, que diga esto me confiere a m\u00ed la calidad de Presidenta Constitucional del Estado boliviano?, no lo puede hacer\u201d, asegur\u00f3 e insisti\u00f3 en que, \u201cpor m\u00e1s que busque en todas las gavetas de su domicilio no va a encontrar (ning\u00fan documento de este tipo), porque no se lo dieron\u201d, seg\u00fan un reporte de Opini\u00f3n.<\/p>\n<p style=\"text-align: justify;\">Sin embargo en 2019, durante una entrevista con el programa La Revista Al Dia de Bolivisi\u00f3n, Richter dijo que la sucesi\u00f3n de A\u00f1ez fue legal.<\/p>\n<p style=\"text-align: justify;\">\u201cHay varias lecturas, pero desde el \u00e1mbito de la norma, s\u00ed, ha sido legal su designaci\u00f3n (como presidenta). Estaba basada en el principio de sucesi\u00f3n constitucional y en el principio de continuidad\u201d respondi\u00f3 ante la pregunta de \u201csi fue o no legal la sucesi\u00f3n de A\u00f1ez al poder\u201d.<\/p>\n","protected":false},"excerpt":{"rendered":"<p>El Vocero presidencial, Jorge Richter, asegur\u00f3 que Jeanine A\u00f1ez no cuenta con un documento que acredite que fue presidenta en el periodo 2019-2020. Sin embargo, en 2019, Richter indic\u00f3 que la sucesi\u00f3n de A\u00f1ez hacia la presidencia fue constitucional. \u201cLa se\u00f1ora A\u00f1ez no tiene documento alguno que la pueda acreditar como Presidenta del Estado\u201d, asegur\u00f3 [&hellip;]<\/p>\n","protected":false},"author":4,"featured_media":43905,"comment_status":"open","ping_status":"open","sticky":false,"template":"","format":"standard","meta":{"footnotes":""},"categories":[18],"tags":[],"class_list":{"0":"post-43904","1":"post","2":"type-post","3":"status-publish","4":"format-standard","5":"has-post-thumbnail","7":"category-politica"},"_links":{"self":[{"href":"https:\/\/jms.com.bo\/mediamonitor\/wp-json\/wp\/v2\/posts\/43904","targetHints":{"allow":["GET"]}}],"collection":[{"href":"https:\/\/jms.com.bo\/mediamonitor\/wp-json\/wp\/v2\/posts"}],"about":[{"href":"https:\/\/jms.com.bo\/mediamonitor\/wp-json\/wp\/v2\/types\/post"}],"author":[{"embeddable":true,"href":"https:\/\/jms.com.bo\/mediamonitor\/wp-json\/wp\/v2\/users\/4"}],"replies":[{"embeddable":true,"href":"https:\/\/jms.com.bo\/mediamonitor\/wp-json\/wp\/v2\/comments?post=43904"}],"version-history":[{"count":0,"href":"https:\/\/jms.com.bo\/mediamonitor\/wp-json\/wp\/v2\/posts\/43904\/revisions"}],"wp:featuredmedia":[{"embeddable":true,"href":"https:\/\/jms.com.bo\/mediamonitor\/wp-json\/wp\/v2\/media\/43905"}],"wp:attachment":[{"href":"https:\/\/jms.com.bo\/mediamonitor\/wp-json\/wp\/v2\/media?parent=43904"}],"wp:term":[{"taxonomy":"category","embeddable":true,"href":"https:\/\/jms.com.bo\/mediamonitor\/wp-json\/wp\/v2\/categories?post=43904"},{"taxonomy":"post_tag","embeddable":true,"href":"https:\/\/jms.com.bo\/mediamonitor\/wp-json\/wp\/v2\/tags?post=43904"}],"curies":[{"name":"wp","href":"https:\/\/api.w.org\/{rel}","templated":true}]}}