{"id":43906,"date":"2023-02-13T07:01:21","date_gmt":"2023-02-13T11:01:21","guid":{"rendered":"https:\/\/jms.com.bo\/mediamonitor\/2023\/02\/13\/ministro-en-el-comite-pro-santa-cruz-hay-ensanamiento-contra-ciudadanos-de-otro-color\/"},"modified":"2023-02-13T07:01:21","modified_gmt":"2023-02-13T11:01:21","slug":"ministro-en-el-comite-pro-santa-cruz-hay-ensanamiento-contra-ciudadanos-de-otro-color","status":"publish","type":"post","link":"https:\/\/jms.com.bo\/mediamonitor\/2023\/02\/13\/ministro-en-el-comite-pro-santa-cruz-hay-ensanamiento-contra-ciudadanos-de-otro-color\/","title":{"rendered":"Ministro: en el Comit\u00e9 pro Santa Cruz hay \u2018ensa\u00f1amiento contra ciudadanos de otro color\u2019"},"content":{"rendered":"<p style=\"text-align: justify;\">El ministro de Obras P\u00fablicas, Edgar Monta\u00f1o afirm\u00f3 que en el Comit\u00e9 pro Santa Cruz no hay democracia, sino \u201censa\u00f1amiento contra ciudadanos de otro color\u201d.<\/p>\n<p style=\"text-align: justify;\">\u201cMientras no haya democracia en el Comit\u00e9 C\u00edvico va a seguir el ensa\u00f1amiento contra los ciudadanos cruce\u00f1os que son de otro color\u201d, dijo este domingo.<\/p>\n<p style=\"text-align: justify;\">Elecciones<\/p>\n<p style=\"text-align: justify;\">El s\u00e1bado, Fernando Larach, el \u00fanico candidato, logr\u00f3 la presidencia del Comit\u00e9 pro Santa Cruz con 209 votos, de un total de 226.<\/p>\n<p style=\"text-align: justify;\">El cruce\u00f1o nacido en Argentina obtuvo la victoria luego de terciar en una elecci\u00f3n en las que no tuvo rivales, pues fue el \u00fanico candidato habilitado.<\/p>\n<p style=\"text-align: justify;\">Desde los primeros d\u00edas de febrero se conoci\u00f3 que las postulaciones de Reinerio Vargas, Agust\u00edn Zambrana, el dirigente del transporte pesado Juan Yujra y de Darling M\u00e9ndez fueron inhabilitadas.<\/p>\n<p style=\"text-align: justify;\">Ello debido a presuntos incumplimientos de lo que dice el estatuto c\u00edvico cruce\u00f1o.<\/p>\n<p style=\"text-align: justify;\">\u00abPasanaku\u00bb<\/p>\n<p style=\"text-align: justify;\">Para el dirigente de la Central Obrera Departamental de Santa Cruz, Rolando Borda, estas inhabilitaciones demuestran que en el ente c\u00edvico hay un \u201cpasanaku\u201d entre las logias que concentran a la \u00e9lite econ\u00f3mica y pol\u00edtica.<\/p>\n<p style=\"text-align: justify;\">\u201cExiste una veintena de organizaciones que componen el comit\u00e9 cruce\u00f1o, pero son dos grupos de poder econ\u00f3mico que lo manejan y que se dividen en las logias Caballeros del Oriente y Toborochis. Son ellos que, en una suerte de elecci\u00f3n, se intercalan la presidencia\u201d, afirm\u00f3.<\/p>\n<p style=\"text-align: justify;\">Alejamiento<\/p>\n<p style=\"text-align: justify;\">Monta\u00f1o asever\u00f3 que Yujra fue apartado por \u201cel color de su piel\u201d.<\/p>\n<p style=\"text-align: justify;\">\u201cYujra, tambi\u00e9n por tener apellido de occidente fue alejado y dejaron en bandeja el sill\u00f3n del Comit\u00e9 C\u00edvico (para Larach). Es claro que no hay democracia\u201d, dijo.<\/p>\n<p style=\"text-align: justify;\">A\u00f1adi\u00f3 que \u201cdebieron haberlo posesionado hace mucho tiempo atr\u00e1s a Larach\u201d porque allanaron su camino.<\/p>\n<p style=\"text-align: justify;\">\u201cLe facilitaron para que nadie m\u00e1s pueda ir a terciar por los votos en democracia\u201d, dijo.<\/p>\n<p style=\"text-align: justify;\">Directiva<\/p>\n<p style=\"text-align: justify;\">La nueva directiva c\u00edvica conformada por Fernando Larach, el primer vicepresidente, Stello Cochamanidis y el segundo vicepresidente, Leonardo Mart\u00ednez; ser\u00e1 posesionada este s\u00e1bado 25 de febrero.<\/p>\n<p style=\"text-align: justify;\">Larach reemplazar\u00e1 a R\u00f3mulo Calvo y estar\u00e1 en el cargo hasta 2025.<\/p>\n","protected":false},"excerpt":{"rendered":"<p>El ministro de Obras P\u00fablicas, Edgar Monta\u00f1o afirm\u00f3 que en el Comit\u00e9 pro Santa Cruz no hay democracia, sino \u201censa\u00f1amiento contra ciudadanos de otro color\u201d. \u201cMientras no haya democracia en el Comit\u00e9 C\u00edvico va a seguir el ensa\u00f1amiento contra los ciudadanos cruce\u00f1os que son de otro color\u201d, dijo este domingo. Elecciones El s\u00e1bado, Fernando Larach, [&hellip;]<\/p>\n","protected":false},"author":4,"featured_media":43907,"comment_status":"open","ping_status":"open","sticky":false,"template":"","format":"standard","meta":{"footnotes":""},"categories":[18,48,46],"tags":[],"class_list":{"0":"post-43906","1":"post","2":"type-post","3":"status-publish","4":"format-standard","5":"has-post-thumbnail","7":"category-politica","8":"category-portada-general-sitio","9":"category-portada-politica"},"_links":{"self":[{"href":"https:\/\/jms.com.bo\/mediamonitor\/wp-json\/wp\/v2\/posts\/43906","targetHints":{"allow":["GET"]}}],"collection":[{"href":"https:\/\/jms.com.bo\/mediamonitor\/wp-json\/wp\/v2\/posts"}],"about":[{"href":"https:\/\/jms.com.bo\/mediamonitor\/wp-json\/wp\/v2\/types\/post"}],"author":[{"embeddable":true,"href":"https:\/\/jms.com.bo\/mediamonitor\/wp-json\/wp\/v2\/users\/4"}],"replies":[{"embeddable":true,"href":"https:\/\/jms.com.bo\/mediamonitor\/wp-json\/wp\/v2\/comments?post=43906"}],"version-history":[{"count":0,"href":"https:\/\/jms.com.bo\/mediamonitor\/wp-json\/wp\/v2\/posts\/43906\/revisions"}],"wp:featuredmedia":[{"embeddable":true,"href":"https:\/\/jms.com.bo\/mediamonitor\/wp-json\/wp\/v2\/media\/43907"}],"wp:attachment":[{"href":"https:\/\/jms.com.bo\/mediamonitor\/wp-json\/wp\/v2\/media?parent=43906"}],"wp:term":[{"taxonomy":"category","embeddable":true,"href":"https:\/\/jms.com.bo\/mediamonitor\/wp-json\/wp\/v2\/categories?post=43906"},{"taxonomy":"post_tag","embeddable":true,"href":"https:\/\/jms.com.bo\/mediamonitor\/wp-json\/wp\/v2\/tags?post=43906"}],"curies":[{"name":"wp","href":"https:\/\/api.w.org\/{rel}","templated":true}]}}