{"id":43914,"date":"2023-02-13T07:06:49","date_gmt":"2023-02-13T11:06:49","guid":{"rendered":"https:\/\/jms.com.bo\/mediamonitor\/2023\/02\/13\/reservas-subsidios-y-deuda-problemas-a-resolver-ven-que-modelo-no-es-suficiente\/"},"modified":"2023-02-13T07:06:49","modified_gmt":"2023-02-13T11:06:49","slug":"reservas-subsidios-y-deuda-problemas-a-resolver-ven-que-modelo-no-es-suficiente","status":"publish","type":"post","link":"https:\/\/jms.com.bo\/mediamonitor\/2023\/02\/13\/reservas-subsidios-y-deuda-problemas-a-resolver-ven-que-modelo-no-es-suficiente\/","title":{"rendered":"Reservas, subsidios y deuda, problemas a resolver; ven que modelo no es suficiente"},"content":{"rendered":"<p style=\"text-align: justify;\">Los bajos niveles de las Reservas Internacionales Netas (RIN), la reducci\u00f3n de las exportaciones de gas natural, los compromisos que debe cumplir el Estado y hasta la baja calidad del empleo son factores que, seg\u00fan economistas consultados por EL DEBER, demuestran que el modelo econ\u00f3mico \u2014que desde 2006 rige en Bolivia\u2014 est\u00e1 tocando fondo al priorizar el gasto. Pero el Gobierno lo descarta y sostiene que el sistema instaurado con la llegada del expresidente Evo Morales y seguido por la administraci\u00f3n de Luis Arce Catacora, es exitoso. Es m\u00e1s, dicen que ha reconstruido una econom\u00eda que se vino abajo durante la gesti\u00f3n de Jeanine \u00c1\u00f1ez, que tuvo que administrar el pa\u00eds durante la pandemia del coronavirus.<\/p>\n<p style=\"text-align: justify;\">Pero \u00bfcu\u00e1les son los argumentos para sostener que el Modelo Econ\u00f3mico Social Comunitario Productivo est\u00e1 agotado que lleva adelante el Movimiento Al Socialismo (MAS) est\u00e1 fallando?<\/p>\n<p style=\"text-align: justify;\">La respuesta est\u00e1, seg\u00fan los especialistas, en los propios datos que el r\u00e9gimen del MAS tiene a mano. Uno de ellos, y el m\u00e1s preocupante, es la reducci\u00f3n de las Reservas Internacionales Netas (RIN) desde 2014.<\/p>\n<p style=\"text-align: justify;\">Las cifras del Banco Central de Bolivia (BCB) muestran que las RIN bajaron de $us 15.123 millones en 2014 a $us 3.796 millones en 2022; es decir, -75%. No es el \u00fanico dato que preocupa, si bien en enero de este a\u00f1o las RIN subieron a $us 3.872 millones, solo $us 620 millones est\u00e1n en divisas.<\/p>\n<p style=\"text-align: justify;\">Estos recursos, son los usados para cubrir las importaciones, la demanda de d\u00f3lares de los bancos y el pago de deuda. En su pico m\u00e1s alto (2014) las RIN en efectivo llegaron un 89,2% del total acumulado ese a\u00f1o.<\/p>\n<p style=\"text-align: justify;\">\u00bfPero a d\u00f3nde se fueron a parar tantos recursos? Para responder esa interrogante, EL DEBER revis\u00f3 los informes de Administraci\u00f3n de las Reservas Internacionales desde 2014 hasta 2021 y verific\u00f3 que la mayor parte de estos recursos se usaron para cubrir el subsidio a los combustibles que realiza el Estado desde hace ya varios a\u00f1os.<br \/>\nPor ejemplo, en 2014, cuando el pa\u00eds export\u00f3 $us 6.113 millones de gas, de las RIN se usaron $us 2.469 millones, para cubrir los pagos que realiz\u00f3 YPFB. En 2022, otros $us 1.731 millones, de las RIN se usaron para el subsidio del combustible.<\/p>\n<p style=\"text-align: justify;\">Recientemente la viceministra de Pensiones y Servicios Financieros, Ivette Espinoza, explic\u00f3 que entre 2020 y 2022, las RIN disminuyeron en $us 1.379 millones por factores como el mantenimiento de la subvenci\u00f3n a los hidrocarburos y la compra de vacunas y de pruebas anticovid-19.<br \/>\nLa autoridad record\u00f3 que el Estado mantiene la subvenci\u00f3n a los hidrocarburos, como parte de las acciones destinadas a mantener una baja inflaci\u00f3n.<br \/>\nSeg\u00fan la viceministra una parte de la subvenci\u00f3n va al sector productivo, con fuerte presencia en Santa Cruz, para mantener los precios del mercado interno.<\/p>\n<p style=\"text-align: justify;\">Otros gastos<\/p>\n<p style=\"text-align: justify;\">Las RIN tambi\u00e9n se usan para pagar los compromisos que tiene el Estado con organismos financiadores. En el boom de los ingresos del Estado (en 2014) el pago de este servicio fue de $us 362,3 millones. Para el 2021 esta cifra creci\u00f3 a $us 829,1 millones.<\/p>\n<p style=\"text-align: justify;\">En 2022, seg\u00fan datos del Presupuesto General del Estado (PGE), el pa\u00eds program\u00f3 pagar un monto de $us 528,7 millones. Y para este a\u00f1o, el monto para cubrir esta obligaci\u00f3n es de $us 608,6 millones, seg\u00fan el Ministerio de Econom\u00eda.<\/p>\n<p style=\"text-align: justify;\">De acuerdo con esa cartera de Estado, la deuda externa de Bolivia llega al 46% del Producto Interno Bruto (PIB), lo que significa que \u201chay un manejo adecuado\u201d.<\/p>\n<p style=\"text-align: justify;\">\u201cEn t\u00e9rminos de endeudamiento, Bolivia tiene en deuda p\u00fablica total un 46%, est\u00e1 en los niveles de endeudamiento p\u00fablico total m\u00e1s bajo. Hay pa\u00edses como Ecuador, Colombia, Israel, Uruguay, Costa Rica, Jap\u00f3n, Brasil, que superan el 70%. Por lo tanto, decir que Bolivia es una de las econom\u00edas m\u00e1s endeudadas del mundo y que su endeudamiento es irresponsable, no es cierto\u201d, dijo el ministro de com\u00eda Marcelo Montenegro, seg\u00fan reporte de la agencia ABI.<\/p>\n<p style=\"text-align: justify;\">De acuerdo el BCB, la deuda Externa hasta junio de 2022 lleg\u00f3 a $us 12.664,4 millones.<\/p>\n<p style=\"text-align: justify;\">An\u00e1lisis<\/p>\n<p style=\"text-align: justify;\">El exdirector de BCB, Jos\u00e9 Gabriel Espinoza, se\u00f1al\u00f3 que desde 2016 el pa\u00eds experimenta un agotamiento de sus ingresos, en especial los que provienen de la venta de gas natural, factor que dificulta cumplir con sus gastos. \u201cEmpezamos a consumir las reservas, no solo las del BCB, sino el flujo de caja de YPFB, las propias cuentas del Gobierno Central en saldos que no se ejecutaron porque hab\u00eda ingresos\u201d, dijo.<\/p>\n<p style=\"text-align: justify;\">La anterior semana, hubo problemas de abastecimiento de combustible en Santa Cruz, seg\u00fan los transportistas, que llevan y traen el combustible, la estatal no pag\u00f3 a sus proveedores. Desde la estatal negaron este hecho y culparon a los rumores, esa sensaci\u00f3n de escasez.<\/p>\n<p style=\"text-align: justify;\">Siguiendo con su an\u00e1lisis, Espinoza dijo que el Estado tiende a quedarse sin reservas y por eso comenz\u00f3 a capturar recursos de otras fuentes, como las remesas y los d\u00f3lares del sector exportador.<br \/>\nHace poco, el BCB se lanz\u00f3 al mercado de divisas por dos v\u00edas; primero ofreciendo el Bono Remesa dirigido a las personas que reciben dinero del exterior. El BCB incluso ofreci\u00f3 tasas m\u00e1s altas que los bancos.<\/p>\n<p style=\"text-align: justify;\">La segunda es a trav\u00e9s del sector exportado privado, ofreciendo pagar Bs 6,95 por d\u00f3lar a exportadores, Bs 0,09 centavos m\u00e1s que el cambio oficial, y, con esto, recaudar unos $us 1.000 millones.<\/p>\n<p style=\"text-align: justify;\">Para el economista Germ\u00e1n Molina, el BCB se ha vuelto una casa de cambios, al ofrecer el d\u00f3lar a Bs 6,95, una forma impl\u00edcita de mostrar que la moneda nacional se est\u00e1 depreciando. \u201cUsan la banda de 10 puntos que fue instituida en la \u00e9poca neoliberal, porque necesitan d\u00f3lares\u201d, dijo y afirm\u00f3 que estas medidas son una se\u00f1al de que el modelo econ\u00f3mico del MAS ya no es sostenible.<\/p>\n<p style=\"text-align: justify;\">El especialista en finanzas, Jaime Dunn, indic\u00f3 que lo positivo es que el Estado est\u00e1 reconociendo que hay problemas y han tomado estas medidas, que para \u00e9l son muy paliativas y de poco impacto. \u201cExcepto esto de comprar d\u00f3lares a los exportadores, es la medida m\u00e1s importante. Pero creo que se deben de tomar medidas m\u00e1s agresivas\u201d, se\u00f1al\u00f3.<\/p>\n<p style=\"text-align: justify;\">Para \u00e9l, las decisiones deber\u00edan apuntar a la causa del problema de fondo: el gasto que a su criterio debe ser reducido. \u201cPero el problema es que siguen gastando como en bonanza\u201d, dijo.<br \/>\nEl 5 de febrero, el ministro de Desarrollo Productivo, N\u00e9stor<br \/>\nHuanca inform\u00f3 que en dos a\u00f1os en la administraci\u00f3n de Arce se invirtieron Bs 3.452 millones en 33 plantas estatales. Es m\u00e1s, anunci\u00f3 que este a\u00f1o se destinar\u00e1 Bs 2.547 millones para proyectos de industrializaci\u00f3n en 2023.<\/p>\n<p style=\"text-align: justify;\">El economista, Gonzalo Ch\u00e1vez sostuvo que esta situaci\u00f3n refleja el agotamiento estructural del modelo primario exportador que, para \u00e9l, \u201cest\u00e1 comenzando a hacer aguas por varias partes\u201d.<br \/>\n\u201cEn el Gobierno de Evo Morales, donde Arce era el ministro, gastaron ineficientemente $us 8.625 millones de las RIN, despu\u00e9s \u00c1\u00f1ez viene y gasta otros $us 1.500 millones y Arce otros $us 1.500 millones\u201d, explic\u00f3.<\/p>\n<p style=\"text-align: justify;\">Para el acad\u00e9mico todo se complic\u00f3 porque el modelo est\u00e1 centrado en las exportaciones de gas, que en 2014 llegaban a m\u00e1s de $us 6.600 millones y que ahora bajaron a casi un tercio.<\/p>\n<p style=\"text-align: justify;\">A estos problemas, Ch\u00e1vez suma el desempleo, que, si bien los indicadores oficiales dicen que baj\u00f3, no refleja la precariedad laboral que hay en el pa\u00eds, donde un 80% del trabajo se genera en el sector informal.<\/p>\n<p style=\"text-align: justify;\">Se busc\u00f3 la versi\u00f3n del ministro de Econom\u00eda, ante las observaciones de analistas y expertoa sobre el modelo econ\u00f3mico y los problemas urgentes a resolver, pero no fue posible tener una respuesta.<br \/>\nPero el 24 de enero, seg\u00fan reporte de ABI, Montenegro afirm\u00f3 que este a\u00f1o el pa\u00eds seguir\u00e1 en el camino del crecimiento econ\u00f3mico y estabilidad de precios.<\/p>\n<p style=\"text-align: justify;\">Dijo que el Programa Fiscal Financiero 2023 establece un crecimiento del Producto Interno Bruto del 4,86% y una tasa de inflaci\u00f3n del 3,28%. \u201cHabr\u00e1 crecimiento econ\u00f3mico y eso tambi\u00e9n se va a reflejar en ingresos, demanda interna y tambi\u00e9n generaci\u00f3n de empleos\u201d, asegur\u00f3.<\/p>\n","protected":false},"excerpt":{"rendered":"<p>Los bajos niveles de las Reservas Internacionales Netas (RIN), la reducci\u00f3n de las exportaciones de gas natural, los compromisos que debe cumplir el Estado y hasta la baja calidad del empleo son factores que, seg\u00fan economistas consultados por EL DEBER, demuestran que el modelo econ\u00f3mico \u2014que desde 2006 rige en Bolivia\u2014 est\u00e1 tocando fondo al [&hellip;]<\/p>\n","protected":false},"author":4,"featured_media":43915,"comment_status":"open","ping_status":"open","sticky":false,"template":"","format":"standard","meta":{"footnotes":""},"categories":[25,45,48],"tags":[],"class_list":{"0":"post-43914","1":"post","2":"type-post","3":"status-publish","4":"format-standard","5":"has-post-thumbnail","7":"category-economia","8":"category-portada-economia","9":"category-portada-general-sitio"},"_links":{"self":[{"href":"https:\/\/jms.com.bo\/mediamonitor\/wp-json\/wp\/v2\/posts\/43914","targetHints":{"allow":["GET"]}}],"collection":[{"href":"https:\/\/jms.com.bo\/mediamonitor\/wp-json\/wp\/v2\/posts"}],"about":[{"href":"https:\/\/jms.com.bo\/mediamonitor\/wp-json\/wp\/v2\/types\/post"}],"author":[{"embeddable":true,"href":"https:\/\/jms.com.bo\/mediamonitor\/wp-json\/wp\/v2\/users\/4"}],"replies":[{"embeddable":true,"href":"https:\/\/jms.com.bo\/mediamonitor\/wp-json\/wp\/v2\/comments?post=43914"}],"version-history":[{"count":0,"href":"https:\/\/jms.com.bo\/mediamonitor\/wp-json\/wp\/v2\/posts\/43914\/revisions"}],"wp:featuredmedia":[{"embeddable":true,"href":"https:\/\/jms.com.bo\/mediamonitor\/wp-json\/wp\/v2\/media\/43915"}],"wp:attachment":[{"href":"https:\/\/jms.com.bo\/mediamonitor\/wp-json\/wp\/v2\/media?parent=43914"}],"wp:term":[{"taxonomy":"category","embeddable":true,"href":"https:\/\/jms.com.bo\/mediamonitor\/wp-json\/wp\/v2\/categories?post=43914"},{"taxonomy":"post_tag","embeddable":true,"href":"https:\/\/jms.com.bo\/mediamonitor\/wp-json\/wp\/v2\/tags?post=43914"}],"curies":[{"name":"wp","href":"https:\/\/api.w.org\/{rel}","templated":true}]}}