{"id":43920,"date":"2023-02-13T07:10:10","date_gmt":"2023-02-13T11:10:10","guid":{"rendered":"https:\/\/jms.com.bo\/mediamonitor\/2023\/02\/13\/gobierno-lleva-electricidad-a-32-379-hogares-con-el-programa-de-electrificacion-rural-ii\/"},"modified":"2023-02-13T07:10:10","modified_gmt":"2023-02-13T11:10:10","slug":"gobierno-lleva-electricidad-a-32-379-hogares-con-el-programa-de-electrificacion-rural-ii","status":"publish","type":"post","link":"https:\/\/jms.com.bo\/mediamonitor\/2023\/02\/13\/gobierno-lleva-electricidad-a-32-379-hogares-con-el-programa-de-electrificacion-rural-ii\/","title":{"rendered":"Gobierno lleva electricidad a 32.379 hogares con el Programa de Electrificaci\u00f3n Rural II"},"content":{"rendered":"<p style=\"text-align: justify;\">Desde el a\u00f1o 2017, el Gobierno nacional llev\u00f3 energ\u00eda el\u00e9ctrica a 32.379 familias de zonas rurales con el Programa de Electrificaci\u00f3n Rural II (PER II).<\/p>\n<p style=\"text-align: justify;\">Hasta el 2020 se invirti\u00f3 Bs 171 millones en este programa; sin embargo, el gobierno del presidente Luis Arce fortaleci\u00f3 el PER II y en poco m\u00e1s de dos a\u00f1os se elev\u00f3 la inversi\u00f3n en m\u00e1s de Bs 637 millones para llegar a m\u00e1s familias bolivianas de las regiones m\u00e1s alejadas del pa\u00eds.<\/p>\n<p style=\"text-align: justify;\">El PER II contempl\u00f3 ampliaciones de l\u00edneas el\u00e9ctricas y sistemas fotovoltaicos domiciliarios y sociales (para escuelas y postas de salud), en lugares donde no exist\u00eda la posibilidad de llegar con l\u00edneas el\u00e9ctricas, ayudando a mejorar la calidad de vida, la educaci\u00f3n y la salud en regiones alejadas.<\/p>\n<p style=\"text-align: justify;\">El programa trajo consigo desarrollo, mejor\u00f3 el acceso a la comunicaci\u00f3n con la radio y televisi\u00f3n, adem\u00e1s posibilit\u00f3 el acceso a nuevas tecnolog\u00edas con el internet.<\/p>\n<p style=\"text-align: justify;\">Tambi\u00e9n permiti\u00f3 el desarrollo econ\u00f3mico con la apertura de nuevos emprendimientos, como tiendas de barrio, restaurantes, talleres e incluso peque\u00f1as industrias.<\/p>\n","protected":false},"excerpt":{"rendered":"<p>Desde el a\u00f1o 2017, el Gobierno nacional llev\u00f3 energ\u00eda el\u00e9ctrica a 32.379 familias de zonas rurales con el Programa de Electrificaci\u00f3n Rural II (PER II). Hasta el 2020 se invirti\u00f3 Bs 171 millones en este programa; sin embargo, el gobierno del presidente Luis Arce fortaleci\u00f3 el PER II y en poco m\u00e1s de dos a\u00f1os [&hellip;]<\/p>\n","protected":false},"author":4,"featured_media":43921,"comment_status":"open","ping_status":"open","sticky":false,"template":"","format":"standard","meta":{"footnotes":""},"categories":[39,44,48],"tags":[],"class_list":{"0":"post-43920","1":"post","2":"type-post","3":"status-publish","4":"format-standard","5":"has-post-thumbnail","7":"category-energia","8":"category-portada-energia","9":"category-portada-general-sitio"},"_links":{"self":[{"href":"https:\/\/jms.com.bo\/mediamonitor\/wp-json\/wp\/v2\/posts\/43920","targetHints":{"allow":["GET"]}}],"collection":[{"href":"https:\/\/jms.com.bo\/mediamonitor\/wp-json\/wp\/v2\/posts"}],"about":[{"href":"https:\/\/jms.com.bo\/mediamonitor\/wp-json\/wp\/v2\/types\/post"}],"author":[{"embeddable":true,"href":"https:\/\/jms.com.bo\/mediamonitor\/wp-json\/wp\/v2\/users\/4"}],"replies":[{"embeddable":true,"href":"https:\/\/jms.com.bo\/mediamonitor\/wp-json\/wp\/v2\/comments?post=43920"}],"version-history":[{"count":0,"href":"https:\/\/jms.com.bo\/mediamonitor\/wp-json\/wp\/v2\/posts\/43920\/revisions"}],"wp:featuredmedia":[{"embeddable":true,"href":"https:\/\/jms.com.bo\/mediamonitor\/wp-json\/wp\/v2\/media\/43921"}],"wp:attachment":[{"href":"https:\/\/jms.com.bo\/mediamonitor\/wp-json\/wp\/v2\/media?parent=43920"}],"wp:term":[{"taxonomy":"category","embeddable":true,"href":"https:\/\/jms.com.bo\/mediamonitor\/wp-json\/wp\/v2\/categories?post=43920"},{"taxonomy":"post_tag","embeddable":true,"href":"https:\/\/jms.com.bo\/mediamonitor\/wp-json\/wp\/v2\/tags?post=43920"}],"curies":[{"name":"wp","href":"https:\/\/api.w.org\/{rel}","templated":true}]}}