{"id":43924,"date":"2023-02-13T07:13:09","date_gmt":"2023-02-13T11:13:09","guid":{"rendered":"https:\/\/jms.com.bo\/mediamonitor\/2023\/02\/13\/argentina-pide-gas-boliviano-a-brasil-para-hacer-frente-al-invierno\/"},"modified":"2023-02-13T07:13:09","modified_gmt":"2023-02-13T11:13:09","slug":"argentina-pide-gas-boliviano-a-brasil-para-hacer-frente-al-invierno","status":"publish","type":"post","link":"https:\/\/jms.com.bo\/mediamonitor\/2023\/02\/13\/argentina-pide-gas-boliviano-a-brasil-para-hacer-frente-al-invierno\/","title":{"rendered":"Argentina pide gas boliviano a Brasil para hacer frente al invierno"},"content":{"rendered":"<p style=\"text-align: justify;\">El equipo del \u00e1rea energ\u00e9tica de Argentina pidi\u00f3 a Brasil avanzar con la importaci\u00f3n de energ\u00eda el\u00e9ctrica entre mayo y septiembre y la cesi\u00f3n de parte del gas que Bolivia le vende al pa\u00eds vecino durante el invierno, para que la Argentina pueda asegurarse la provisi\u00f3n energ\u00e9tica durante los meses de mayor demanda y necesite acudir menos a la importaci\u00f3n de energ\u00eda, para afectar menos el nivel de reservas en el Banco Central.<\/p>\n<p style=\"text-align: justify;\">Seg\u00fan un comunicado tras la reuni\u00f3n, los funcionarios argentinos hablaron de \u201cla posibilidad de viabilizar ofertas firmes de exportaci\u00f3n de energ\u00eda el\u00e9ctrica de Brasil hacia la Argentina, en especial en el per\u00edodo invernal del 2023, de mayo a septiembre\u201d. Brasil, al respecto, \u201csolicit\u00f3 informaciones m\u00e1s detalladas sobre las necesidades energ\u00e9ticas de la Argentina, como montos de energ\u00eda y plazos contractuales\u201d.<\/p>\n<p style=\"text-align: justify;\">El equipo econ\u00f3mico argentino se comprometi\u00f3 a enviar la informaci\u00f3n de manera inmediata y se reabrir\u00e1 la instancia de negociaci\u00f3n en la primera quincena de marzo.<\/p>\n<p style=\"text-align: justify;\">Por otro lado, la Argentina tambi\u00e9n oficializ\u00f3 la solicitud para que Brasil pueda ceder parte del gas que importa desde Bolivia hacia la Argentina. Los funcionarios del Planalto aseguraron que por tratarse de un tema que involucra contratos entre agentes de mercado y \u00f3rganos reguladores necesitar\u00e1 efectuar, primero, una ronda de consultas internas.<\/p>\n<p style=\"text-align: justify;\">La cuesti\u00f3n de la construcci\u00f3n y ampliaci\u00f3n del gasoducto, N\u00e9stor Kirtchner, apareci\u00f3 tambi\u00e9n en la mesa negociadora<\/p>\n<p style=\"text-align: justify;\">As\u00ed la secretaria de Energ\u00eda, Flavia Roy\u00f3n, mantuvo una reuni\u00f3n en Brasilia con su par Alexandre Silveira a quien le plante\u00f3 la idea de la Casa Rosada de conseguir financiamiento por $us 820 millones para la fabricaci\u00f3n del material con el que se podr\u00eda extender el gasoducto de Vaca Muerta y que permitir\u00edan abastecer al pa\u00eds vecino con fluido para su industria.<\/p>\n<p style=\"text-align: justify;\">La comitiva argentina \u201cmencion\u00f3 que la materia prima para la construcci\u00f3n de la red de gasoductos argentinos y el eventual suministro futuro de gas argentino al Brasil, configuran una oportunidad mutuamente ben\u00e9fica\u201d, mencionaron.<\/p>\n<p style=\"text-align: justify;\">Avance de obras<\/p>\n<p style=\"text-align: justify;\">El Gobierno espera inaugura para el pr\u00f3ximo invierno el primer tramo del Gasoducto N\u00e9stor Kirchner, que permitir\u00eda alcanzar un proceso de abastecimiento del 92% del mercado argentino desde Vaca Muerta. Sin embargo, para poder exportar a Brasil es necesario licitar un segundo tramo -Salliquel\u00f3-San Jer\u00f3nimo- que permite abastecer de gas a parte del litoral argentino. Luego, se requieren obras adicionales como la conexi\u00f3n del gasoducto hac\u00eda el gasoducto al norte. El objetivo de estas obras es a preparar el terreno para abastecer a Brasil de gas.<\/p>\n<p style=\"text-align: justify;\">El ministro de Econom\u00eda, Sergio Massa, destac\u00f3 que el desaf\u00edo es recorrer juntos para que Vaca Muerta llegue a Brasil y que los brasile\u00f1os puedan acceder al volumen de gas que necesitan para el proceso de desarrollo industrial y para que los argentinos puedan tener la oportunidad de exportar parte de sus recursos, riqueza del subsuelo que hoy se encuentra inexplotado o subexplotado por falta de infraestructura, precis\u00f3 Massa.<\/p>\n<p style=\"text-align: justify;\">\n","protected":false},"excerpt":{"rendered":"<p>El equipo del \u00e1rea energ\u00e9tica de Argentina pidi\u00f3 a Brasil avanzar con la importaci\u00f3n de energ\u00eda el\u00e9ctrica entre mayo y septiembre y la cesi\u00f3n de parte del gas que Bolivia le vende al pa\u00eds vecino durante el invierno, para que la Argentina pueda asegurarse la provisi\u00f3n energ\u00e9tica durante los meses de mayor demanda y necesite [&hellip;]<\/p>\n","protected":false},"author":4,"featured_media":43925,"comment_status":"open","ping_status":"open","sticky":false,"template":"","format":"standard","meta":{"footnotes":""},"categories":[40,23],"tags":[],"class_list":{"0":"post-43924","1":"post","2":"type-post","3":"status-publish","4":"format-standard","5":"has-post-thumbnail","7":"category-bolivia","8":"category-hidrocarburos"},"_links":{"self":[{"href":"https:\/\/jms.com.bo\/mediamonitor\/wp-json\/wp\/v2\/posts\/43924","targetHints":{"allow":["GET"]}}],"collection":[{"href":"https:\/\/jms.com.bo\/mediamonitor\/wp-json\/wp\/v2\/posts"}],"about":[{"href":"https:\/\/jms.com.bo\/mediamonitor\/wp-json\/wp\/v2\/types\/post"}],"author":[{"embeddable":true,"href":"https:\/\/jms.com.bo\/mediamonitor\/wp-json\/wp\/v2\/users\/4"}],"replies":[{"embeddable":true,"href":"https:\/\/jms.com.bo\/mediamonitor\/wp-json\/wp\/v2\/comments?post=43924"}],"version-history":[{"count":0,"href":"https:\/\/jms.com.bo\/mediamonitor\/wp-json\/wp\/v2\/posts\/43924\/revisions"}],"wp:featuredmedia":[{"embeddable":true,"href":"https:\/\/jms.com.bo\/mediamonitor\/wp-json\/wp\/v2\/media\/43925"}],"wp:attachment":[{"href":"https:\/\/jms.com.bo\/mediamonitor\/wp-json\/wp\/v2\/media?parent=43924"}],"wp:term":[{"taxonomy":"category","embeddable":true,"href":"https:\/\/jms.com.bo\/mediamonitor\/wp-json\/wp\/v2\/categories?post=43924"},{"taxonomy":"post_tag","embeddable":true,"href":"https:\/\/jms.com.bo\/mediamonitor\/wp-json\/wp\/v2\/tags?post=43924"}],"curies":[{"name":"wp","href":"https:\/\/api.w.org\/{rel}","templated":true}]}}