{"id":43926,"date":"2023-02-13T07:14:47","date_gmt":"2023-02-13T11:14:47","guid":{"rendered":"https:\/\/jms.com.bo\/mediamonitor\/2023\/02\/13\/el-gobierno-admite-menor-produccion-de-gas-por-descuidos-en-exploracion\/"},"modified":"2023-02-13T07:14:47","modified_gmt":"2023-02-13T11:14:47","slug":"el-gobierno-admite-menor-produccion-de-gas-por-descuidos-en-exploracion","status":"publish","type":"post","link":"https:\/\/jms.com.bo\/mediamonitor\/2023\/02\/13\/el-gobierno-admite-menor-produccion-de-gas-por-descuidos-en-exploracion\/","title":{"rendered":"El Gobierno admite menor producci\u00f3n de gas por descuidos en exploraci\u00f3n"},"content":{"rendered":"<p style=\"text-align: justify;\">El ministro de Hidrocarburos, Marcelo Montenegro, inform\u00f3 ayer que en el pasado \u201chubo descuidos\u201d para encontrar m\u00e1s reservas de gas, lo que ocasion\u00f3 la declinaci\u00f3n de la producci\u00f3n. Sin embargo, anunci\u00f3 que las tareas de exploraci\u00f3n actuales generan \u201cbuenas noticias\u201d en los pr\u00f3ximos tres o cinco a\u00f1os.<\/p>\n<p style=\"text-align: justify;\">\u201cEn el pasado hubo un descuido, no se han hecho las inversiones adecuadas y hoy, obviamente, nuestros campos est\u00e1n declinando la producci\u00f3n. Es momento de que el Gobierno empiece a buscar estos recursos. Si los encontramos, pues en tres, cuatro, cinco a\u00f1os el pa\u00eds tendr\u00e1 noticias de que ha encontrado m\u00e1s recursos hidrocarbur\u00edferos\u201d, manifest\u00f3 Montenegro en la audiencia de rendici\u00f3n p\u00fablica de cuentas final 2022.<\/p>\n<p style=\"text-align: justify;\">La producci\u00f3n de gas cay\u00f3 de unos 60 millones de metros c\u00fabicos al d\u00eda (MMm3d) en 2014 a 40 MMm3d el a\u00f1o pasado. La consultora Wood Mackenzie advirti\u00f3 que, si esta tendencia decreciente contin\u00faa, despu\u00e9s de 2030 el pa\u00eds deber\u00e1 importar gas para abastecer al mercado interno, que hoy en d\u00eda consume alrededor de 13 MMm3d.<\/p>\n<p style=\"text-align: justify;\">El analista en hidrocarburos \u00c1lvaro R\u00edos manifest\u00f3 en su cuenta de Twitter que, para 2030, Bolivia a\u00fan podr\u00e1 abastecer el mercado interno, pues producir\u00eda hasta 16 MMm3d si es que hasta entonces no se encuentran nuevas reservas. Sin embargo, con esa cantidad y el aumento de la demanda interna se tendr\u00eda que cortar las exportaciones a Argentina y Brasil.<\/p>\n<p style=\"text-align: justify;\">El presidente de YPFB, Armin Dorgathen, dijo en declaraciones anteriores que se tiene en la mira el sector amaz\u00f3nico para hallar hidrocarburos que, seg\u00fan la consultora francesa Beicip-Franlab, podr\u00edan generar hasta 475 mil millones de d\u00f3lares de ingresos.<\/p>\n<p style=\"text-align: justify;\">Por otro lado, el pa\u00eds ya gasta m\u00e1s importando y subvencionando combustibles que lo que gana con las ventas de gas al exterior. Ante ello, Montenegro resalt\u00f3 que en 2022 se compr\u00f3 160 millones de litros de etanol para mezclarlo con combustibles y sustituir importaciones.<\/p>\n<p style=\"text-align: justify;\">Asimismo, dijo que se autoriz\u00f3 1.250 millones de bolivianos para el cultivo de especies ole\u00edferas que se plantar\u00edan en el Chaco boliviano, y para la creaci\u00f3n de una empresa p\u00fablica de aceites ecol\u00f3gicos para la producci\u00f3n de biocombustibles.<\/p>\n<p style=\"text-align: justify;\">Econom\u00eda ve un \u201csabotaje\u201d<\/p>\n<p style=\"text-align: justify;\">El ministro Marcelo Montenegro se\u00f1al\u00f3 que existe \u201cuna suerte de sabotaje\u201d para no permitir que el Gobierno nacional aplique medidas pol\u00edticas para fortalecer las reservas internacionales.<\/p>\n<p style=\"text-align: justify;\">\u201cEl BCB ha optado por ciertas pol\u00edticas para ir reforzando las reservas. (&#8230;) Si no dejan que el Gobierno nacional pueda usar todos los instrumentos de pol\u00edtica a su disposici\u00f3n, pues tambi\u00e9n hay una suerte de sabotaje\u201d, dijo.<\/p>\n<p style=\"text-align: justify;\">El proyecto de ley para monetizar las reservas de oro fue rechazado por varios sectores.<\/p>\n<p style=\"text-align: justify;\">\n","protected":false},"excerpt":{"rendered":"<p>El ministro de Hidrocarburos, Marcelo Montenegro, inform\u00f3 ayer que en el pasado \u201chubo descuidos\u201d para encontrar m\u00e1s reservas de gas, lo que ocasion\u00f3 la declinaci\u00f3n de la producci\u00f3n. Sin embargo, anunci\u00f3 que las tareas de exploraci\u00f3n actuales generan \u201cbuenas noticias\u201d en los pr\u00f3ximos tres o cinco a\u00f1os. \u201cEn el pasado hubo un descuido, no se [&hellip;]<\/p>\n","protected":false},"author":4,"featured_media":43927,"comment_status":"open","ping_status":"open","sticky":false,"template":"","format":"standard","meta":{"footnotes":""},"categories":[40,23],"tags":[],"class_list":{"0":"post-43926","1":"post","2":"type-post","3":"status-publish","4":"format-standard","5":"has-post-thumbnail","7":"category-bolivia","8":"category-hidrocarburos"},"_links":{"self":[{"href":"https:\/\/jms.com.bo\/mediamonitor\/wp-json\/wp\/v2\/posts\/43926","targetHints":{"allow":["GET"]}}],"collection":[{"href":"https:\/\/jms.com.bo\/mediamonitor\/wp-json\/wp\/v2\/posts"}],"about":[{"href":"https:\/\/jms.com.bo\/mediamonitor\/wp-json\/wp\/v2\/types\/post"}],"author":[{"embeddable":true,"href":"https:\/\/jms.com.bo\/mediamonitor\/wp-json\/wp\/v2\/users\/4"}],"replies":[{"embeddable":true,"href":"https:\/\/jms.com.bo\/mediamonitor\/wp-json\/wp\/v2\/comments?post=43926"}],"version-history":[{"count":0,"href":"https:\/\/jms.com.bo\/mediamonitor\/wp-json\/wp\/v2\/posts\/43926\/revisions"}],"wp:featuredmedia":[{"embeddable":true,"href":"https:\/\/jms.com.bo\/mediamonitor\/wp-json\/wp\/v2\/media\/43927"}],"wp:attachment":[{"href":"https:\/\/jms.com.bo\/mediamonitor\/wp-json\/wp\/v2\/media?parent=43926"}],"wp:term":[{"taxonomy":"category","embeddable":true,"href":"https:\/\/jms.com.bo\/mediamonitor\/wp-json\/wp\/v2\/categories?post=43926"},{"taxonomy":"post_tag","embeddable":true,"href":"https:\/\/jms.com.bo\/mediamonitor\/wp-json\/wp\/v2\/tags?post=43926"}],"curies":[{"name":"wp","href":"https:\/\/api.w.org\/{rel}","templated":true}]}}