{"id":43976,"date":"2023-02-14T06:45:20","date_gmt":"2023-02-14T10:45:20","guid":{"rendered":"https:\/\/jms.com.bo\/mediamonitor\/2023\/02\/14\/mas-de-1-000-ninos-y-adolescentes-de-santa-cruz-recibiran-atencion-odontologica-gratuita-este-mes\/"},"modified":"2023-02-14T06:45:20","modified_gmt":"2023-02-14T10:45:20","slug":"mas-de-1-000-ninos-y-adolescentes-de-santa-cruz-recibiran-atencion-odontologica-gratuita-este-mes","status":"publish","type":"post","link":"https:\/\/jms.com.bo\/mediamonitor\/2023\/02\/14\/mas-de-1-000-ninos-y-adolescentes-de-santa-cruz-recibiran-atencion-odontologica-gratuita-este-mes\/","title":{"rendered":"M\u00e1s de 1.000 ni\u00f1os y adolescentes de Santa Cruz recibir\u00e1n atenci\u00f3n odontol\u00f3gica gratuita este mes"},"content":{"rendered":"<p style=\"text-align: justify;\">M\u00e1s de 1.000 ni\u00f1os y adolescentes ser\u00e1n beneficiados con atenci\u00f3n odontol\u00f3gica gratuita desde este lunes en Santa Cruz. La campa\u00f1a, impulsada por el Servicio Departamental de Pol\u00edticas Sociales (Sedepos) de la Gobernaci\u00f3n cruce\u00f1a, pretende promover la educaci\u00f3n dental para lograr una buena higiene bucal en los escolares.<\/p>\n<p style=\"text-align: justify;\">Mar\u00eda Jos\u00e9 Miranda, directora del Sedepos, inform\u00f3 que esta campa\u00f1a de atenci\u00f3n gratuita forma parte del Programa de Prevenci\u00f3n y Protecci\u00f3n Integral a Ni\u00f1as, Ni\u00f1os y Adolescentes (PPPINNAS). El primer colegio que recibi\u00f3 al equipo de odont\u00f3logos fue la Unidad Educativa Arturo Medeiros, donde se atender\u00e1 a 420 estudiantes; sin embargo, durante las dos semanas restantes de febrero se recorrer\u00e1n distintos establecimientos.<\/p>\n<p style=\"text-align: justify;\">\u201cEstamos aqu\u00ed con nuestro equipo de odont\u00f3logos ocup\u00e1ndonos por encargo de nuestro gobernador para revisar la salud oral de los ni\u00f1os de este colegio. Aqu\u00ed vamos atender a m\u00e1s de 400 ni\u00f1os a los que tambi\u00e9n se les va a medir talla y peso\u201d, a\u00f1adi\u00f3 Miranda.<\/p>\n<p style=\"text-align: justify;\">La finalidad del programa PPPINNAS es proteger la salud oral de ni\u00f1as, ni\u00f1os y adolescentes de seis a doce a\u00f1os de Unidades Educativas, Centros de Educaci\u00f3n Especial y Mercados, seg\u00fan informaci\u00f3n de la Gobernaci\u00f3n.<\/p>\n","protected":false},"excerpt":{"rendered":"<p>M\u00e1s de 1.000 ni\u00f1os y adolescentes ser\u00e1n beneficiados con atenci\u00f3n odontol\u00f3gica gratuita desde este lunes en Santa Cruz. La campa\u00f1a, impulsada por el Servicio Departamental de Pol\u00edticas Sociales (Sedepos) de la Gobernaci\u00f3n cruce\u00f1a, pretende promover la educaci\u00f3n dental para lograr una buena higiene bucal en los escolares. Mar\u00eda Jos\u00e9 Miranda, directora del Sedepos, inform\u00f3 que [&hellip;]<\/p>\n","protected":false},"author":4,"featured_media":43977,"comment_status":"open","ping_status":"open","sticky":false,"template":"","format":"standard","meta":{"footnotes":""},"categories":[53],"tags":[],"class_list":{"0":"post-43976","1":"post","2":"type-post","3":"status-publish","4":"format-standard","5":"has-post-thumbnail","7":"category-salud"},"_links":{"self":[{"href":"https:\/\/jms.com.bo\/mediamonitor\/wp-json\/wp\/v2\/posts\/43976","targetHints":{"allow":["GET"]}}],"collection":[{"href":"https:\/\/jms.com.bo\/mediamonitor\/wp-json\/wp\/v2\/posts"}],"about":[{"href":"https:\/\/jms.com.bo\/mediamonitor\/wp-json\/wp\/v2\/types\/post"}],"author":[{"embeddable":true,"href":"https:\/\/jms.com.bo\/mediamonitor\/wp-json\/wp\/v2\/users\/4"}],"replies":[{"embeddable":true,"href":"https:\/\/jms.com.bo\/mediamonitor\/wp-json\/wp\/v2\/comments?post=43976"}],"version-history":[{"count":0,"href":"https:\/\/jms.com.bo\/mediamonitor\/wp-json\/wp\/v2\/posts\/43976\/revisions"}],"wp:featuredmedia":[{"embeddable":true,"href":"https:\/\/jms.com.bo\/mediamonitor\/wp-json\/wp\/v2\/media\/43977"}],"wp:attachment":[{"href":"https:\/\/jms.com.bo\/mediamonitor\/wp-json\/wp\/v2\/media?parent=43976"}],"wp:term":[{"taxonomy":"category","embeddable":true,"href":"https:\/\/jms.com.bo\/mediamonitor\/wp-json\/wp\/v2\/categories?post=43976"},{"taxonomy":"post_tag","embeddable":true,"href":"https:\/\/jms.com.bo\/mediamonitor\/wp-json\/wp\/v2\/tags?post=43976"}],"curies":[{"name":"wp","href":"https:\/\/api.w.org\/{rel}","templated":true}]}}