{"id":43978,"date":"2023-02-14T06:46:49","date_gmt":"2023-02-14T10:46:49","guid":{"rendered":"https:\/\/jms.com.bo\/mediamonitor\/2023\/02\/14\/reportan-la-cifra-mas-baja-de-casos-covid-medicos-piden-mayor-cuidado-en-carnaval\/"},"modified":"2023-02-14T06:46:49","modified_gmt":"2023-02-14T10:46:49","slug":"reportan-la-cifra-mas-baja-de-casos-covid-medicos-piden-mayor-cuidado-en-carnaval","status":"publish","type":"post","link":"https:\/\/jms.com.bo\/mediamonitor\/2023\/02\/14\/reportan-la-cifra-mas-baja-de-casos-covid-medicos-piden-mayor-cuidado-en-carnaval\/","title":{"rendered":"Reportan la cifra m\u00e1s baja de casos covid; m\u00e9dicos piden mayor cuidado en Carnaval"},"content":{"rendered":"<p style=\"text-align: justify;\">El Ministerio de Salud registr\u00f3 1.417 contagios de covid la anterior semana, una de las cifras m\u00e1s bajas desde el a\u00f1o pasado. Los m\u00e9dicos piden tener mayor cuidado en las fiestas de Carnaval y recomiendan aplicarse la tercera dosis, no compartir vasos ni cubiertos y, en lo posible, usar barbijos en espacios cerrados.<\/p>\n<p style=\"text-align: justify;\">\u201cEn cuanto al covid, podemos decir que la anterior semana se presentaron 1.417 casos, esto representa una disminuci\u00f3n del 35%. (Es decir) 774 casos menos que la semana anterior. Bolivia registra su s\u00e9ptima semana consecutiva de descenso de casos\u201d, declar\u00f3 el ministro de Salud, Jeyson Auza, ayer en el informe epidemiol\u00f3gico semanal.<\/p>\n<p style=\"text-align: justify;\">La autoridad dijo que en el pico m\u00e1s alto de la quinta ola se registraron m\u00e1s de 77.000 casos semanales y en la sexta ola se reportaron 16.836. Destac\u00f3 -adem\u00e1s- los bajos niveles de letalidad a causa de este mal. Por ejemplo, en la primera ola fue del 6,7%; en la segunda y tercera descendi\u00f3 a 2,7%; en la cuarta lleg\u00f3 al 0,7%; en la quinta se registr\u00f3 el 0,1% y ahora en la sexta se report\u00f3 un 0,1%.<\/p>\n<p style=\"text-align: justify;\">Guillermo Cuentas, exministro de Salud, recomend\u00f3 a la poblaci\u00f3n usar barbijos en espacios cerrados; adem\u00e1s, sugiri\u00f3 no compartir vasos al consumir bebidas alcoh\u00f3licas o no alcoh\u00f3licas. \u201cEs el veh\u00edculo directo para transmitir la enfermedad. Lo mismo sucede con la comida, no se debe compartir cubiertos con otras personas, entre ellas familiares\u201d, declar\u00f3.<\/p>\n<p style=\"text-align: justify;\">Tambi\u00e9n recomend\u00f3 a la poblaci\u00f3n aplicarse la tercera dosis y cumplir con el esquema completo de vacunaci\u00f3n porque los servicios p\u00fablicos de la seguridad social mantienen los puestos de inmunizaci\u00f3n. \u201cMucha gente piensa que una dosis es suficiente, pero son imprescindibles las tres dosis. La primera produce anticuerpos por un per\u00edodo de entre seis y ocho meses. La segunda dosis hace lo mismo en un similar per\u00edodo de tiempo. La tercera dosis permitir\u00e1 que la gente tenga protecci\u00f3n contra el covid por un per\u00edodo m\u00e1s largo\u201d, indic\u00f3.<\/p>\n<p style=\"text-align: justify;\">El profesional agreg\u00f3 que las personas que s\u00f3lo recibieron dos dosis, tendr\u00e1n anticuerpos circulando por su organismo en \u201cconcentraciones bajas\u201d. \u201cLas vacunas no impiden que uno se contagie, lo que impiden es la muerte. Los que tengan dos dosis, tendr\u00e1n un proceso gripal m\u00e1s severo, pero no morir\u00e1n. Por eso, la tasa de letalidad baj\u00f3 a menos del 1%. \u00c9sa es la gran ventaja de la vacuna; adem\u00e1s, permite no saturar los centros hospitalarios. El resto se va a curar en su domicilio\u201d, indic\u00f3.<\/p>\n<p style=\"text-align: justify;\">El m\u00e9dico pidi\u00f3 a la poblaci\u00f3n dejar de buscar una u otra marca de vacuna porque todas cumplen el mismo efecto, protegen a la poblaci\u00f3n y generan anticuerpos. \u201cLes quiero decir que Bolivia es uno de los pa\u00edses que tuvo casi todas las vacunas que circularon en el mundo. En otros pa\u00edses, por ejemplo en Europa, no circul\u00f3 ninguna de las vacunas de origen chino o ruso\u201d.<\/p>\n<p style=\"text-align: justify;\">Dengue y otros<\/p>\n<p style=\"text-align: justify;\">Pese a registrar una baja cifra de casos covid, ahora el pa\u00eds debe lidiar con la ola de contagios de dengue. Seg\u00fan el Ministro de Salud, hasta ayer se registraron 5.549 contagios y 18 decesos. Santa Cruz concentra 4.106 casos; Beni, 770; Tarija, 309; La Paz, 142; Chuquisaca, 113; Pando, 55 y Cochabamba, 54. El domingo se llev\u00f3 adelante una minga en la que se desplazaron 3.462 brigadas, es decir que participaron 10.000 personas para eliminar los criaderos de mosquitos.<\/p>\n<p style=\"text-align: justify;\">Los casos acumulados de tosferina llegaron a 272. La anterior semana se report\u00f3 un caso y se tienen 263 recuperados, seis se mantienen activos y se lamentaron tres decesos. Dijo que la viruela del mono fue controlada, considerando que el reporte semanal tiene una sola persona activa de los 264 casos acumulados.<\/p>\n<p style=\"text-align: justify;\">1.417<\/p>\n<p style=\"text-align: justify;\">CASOS DE COVID<br \/>\nse registraron a nivel nacional la anterior semana, una de las cifras m\u00e1s bajas.<br \/>\n\u201cMucha gente piensa que una dosis es suficiente, pero son imprescindibles las tres dosis. La tercera dar\u00e1 una protecci\u00f3n por un per\u00edodo m\u00e1s largo\u201d.<br \/>\nGuillermo Cuentas, exministro de Salud<\/p>\n","protected":false},"excerpt":{"rendered":"<p>El Ministerio de Salud registr\u00f3 1.417 contagios de covid la anterior semana, una de las cifras m\u00e1s bajas desde el a\u00f1o pasado. Los m\u00e9dicos piden tener mayor cuidado en las fiestas de Carnaval y recomiendan aplicarse la tercera dosis, no compartir vasos ni cubiertos y, en lo posible, usar barbijos en espacios cerrados. \u201cEn cuanto [&hellip;]<\/p>\n","protected":false},"author":4,"featured_media":43979,"comment_status":"open","ping_status":"open","sticky":false,"template":"","format":"standard","meta":{"footnotes":""},"categories":[53],"tags":[],"class_list":{"0":"post-43978","1":"post","2":"type-post","3":"status-publish","4":"format-standard","5":"has-post-thumbnail","7":"category-salud"},"_links":{"self":[{"href":"https:\/\/jms.com.bo\/mediamonitor\/wp-json\/wp\/v2\/posts\/43978","targetHints":{"allow":["GET"]}}],"collection":[{"href":"https:\/\/jms.com.bo\/mediamonitor\/wp-json\/wp\/v2\/posts"}],"about":[{"href":"https:\/\/jms.com.bo\/mediamonitor\/wp-json\/wp\/v2\/types\/post"}],"author":[{"embeddable":true,"href":"https:\/\/jms.com.bo\/mediamonitor\/wp-json\/wp\/v2\/users\/4"}],"replies":[{"embeddable":true,"href":"https:\/\/jms.com.bo\/mediamonitor\/wp-json\/wp\/v2\/comments?post=43978"}],"version-history":[{"count":0,"href":"https:\/\/jms.com.bo\/mediamonitor\/wp-json\/wp\/v2\/posts\/43978\/revisions"}],"wp:featuredmedia":[{"embeddable":true,"href":"https:\/\/jms.com.bo\/mediamonitor\/wp-json\/wp\/v2\/media\/43979"}],"wp:attachment":[{"href":"https:\/\/jms.com.bo\/mediamonitor\/wp-json\/wp\/v2\/media?parent=43978"}],"wp:term":[{"taxonomy":"category","embeddable":true,"href":"https:\/\/jms.com.bo\/mediamonitor\/wp-json\/wp\/v2\/categories?post=43978"},{"taxonomy":"post_tag","embeddable":true,"href":"https:\/\/jms.com.bo\/mediamonitor\/wp-json\/wp\/v2\/tags?post=43978"}],"curies":[{"name":"wp","href":"https:\/\/api.w.org\/{rel}","templated":true}]}}