{"id":43982,"date":"2023-02-14T06:49:33","date_gmt":"2023-02-14T10:49:33","guid":{"rendered":"https:\/\/jms.com.bo\/mediamonitor\/2023\/02\/14\/bolivia-participara-en-exposicion-internacional-de-alimentos-en-japon\/"},"modified":"2023-02-14T06:49:33","modified_gmt":"2023-02-14T10:49:33","slug":"bolivia-participara-en-exposicion-internacional-de-alimentos-en-japon","status":"publish","type":"post","link":"https:\/\/jms.com.bo\/mediamonitor\/2023\/02\/14\/bolivia-participara-en-exposicion-internacional-de-alimentos-en-japon\/","title":{"rendered":"Bolivia participar\u00e1 en Exposici\u00f3n Internacional de Alimentos en Jap\u00f3n"},"content":{"rendered":"<p style=\"text-align: justify;\">El Ministerio de Relaciones Exteriores y la C\u00e1mara Nacional de Exportadores de Bolivia aseguran la participaci\u00f3n de Bolivia en la 48\u00b0 versi\u00f3n de la Exposici\u00f3n Internacional de Alimentos y Bebidas de Clase Mundial (Foodex) que se desarrollar\u00e1 en Tokio, Jap\u00f3n, del 7 al 10 de marzo.<\/p>\n<p style=\"text-align: justify;\">El despacho de Exteriores inform\u00f3 que el evento se traduce en una oportunidad comercial para dar a conocer la oferta exportable boliviana al p\u00fablico japon\u00e9s y mundial.<\/p>\n<p style=\"text-align: justify;\">En esta versi\u00f3n de la Foodex, Bolivia participar\u00e1 con productos de exportaci\u00f3n como el vino, singani, nuez de Brasil (casta\u00f1a), caf\u00e9, quinua, s\u00e9samo, ch\u00eda, frejol, haba seca, man\u00ed y palmito.<\/p>\n<p style=\"text-align: justify;\">\u201cEl mercado asi\u00e1tico es clave para diversificar las exportaciones bolivianas\u201d, se\u00f1al\u00f3 la canciller\u00eda.<\/p>\n<p style=\"text-align: justify;\">La \u00faltima edici\u00f3n de la feria internacional cont\u00f3 con m\u00e1s de 3.000 expositores y m\u00e1s de 25.000 visitantes de 98 pa\u00edses.<\/p>\n<p style=\"text-align: justify;\">La Exposici\u00f3n Internacional es una de las m\u00e1s importantes en la rama de alimentos y bebidas en la regi\u00f3n asi\u00e1tica y en el c\u00edrculo del Pac\u00edfico y la tercera m\u00e1s grande del mundo.<\/p>\n<p style=\"text-align: justify;\">Cubre un amplio rango de categor\u00edas en la industria alimenticia y ofrece oportunidades para extender relaciones comerciales entre expositores y visitantes.<\/p>\n<p style=\"text-align: justify;\">Se abre una oportunidad para la producci\u00f3n agr\u00edcola, pues es una vitrina para que la oferta boliviana pueda se observada por los potenciales compradores a nivel mundial.<\/p>\n<p style=\"text-align: justify;\">En su momento, los exportadores pace\u00f1os indicaron que poco es el apoyo a los emprendedores para que puedan participar en ferias internacionales, a comparaci\u00f3n de pa\u00edses vecinos, que apoyan a sus empresarios mediante la promoci\u00f3n de sus productos.<\/p>\n","protected":false},"excerpt":{"rendered":"<p>El Ministerio de Relaciones Exteriores y la C\u00e1mara Nacional de Exportadores de Bolivia aseguran la participaci\u00f3n de Bolivia en la 48\u00b0 versi\u00f3n de la Exposici\u00f3n Internacional de Alimentos y Bebidas de Clase Mundial (Foodex) que se desarrollar\u00e1 en Tokio, Jap\u00f3n, del 7 al 10 de marzo. El despacho de Exteriores inform\u00f3 que el evento se [&hellip;]<\/p>\n","protected":false},"author":4,"featured_media":43983,"comment_status":"open","ping_status":"open","sticky":false,"template":"","format":"standard","meta":{"footnotes":""},"categories":[52],"tags":[],"class_list":{"0":"post-43982","1":"post","2":"type-post","3":"status-publish","4":"format-standard","5":"has-post-thumbnail","7":"category-alimentos-agroindustria"},"_links":{"self":[{"href":"https:\/\/jms.com.bo\/mediamonitor\/wp-json\/wp\/v2\/posts\/43982","targetHints":{"allow":["GET"]}}],"collection":[{"href":"https:\/\/jms.com.bo\/mediamonitor\/wp-json\/wp\/v2\/posts"}],"about":[{"href":"https:\/\/jms.com.bo\/mediamonitor\/wp-json\/wp\/v2\/types\/post"}],"author":[{"embeddable":true,"href":"https:\/\/jms.com.bo\/mediamonitor\/wp-json\/wp\/v2\/users\/4"}],"replies":[{"embeddable":true,"href":"https:\/\/jms.com.bo\/mediamonitor\/wp-json\/wp\/v2\/comments?post=43982"}],"version-history":[{"count":0,"href":"https:\/\/jms.com.bo\/mediamonitor\/wp-json\/wp\/v2\/posts\/43982\/revisions"}],"wp:featuredmedia":[{"embeddable":true,"href":"https:\/\/jms.com.bo\/mediamonitor\/wp-json\/wp\/v2\/media\/43983"}],"wp:attachment":[{"href":"https:\/\/jms.com.bo\/mediamonitor\/wp-json\/wp\/v2\/media?parent=43982"}],"wp:term":[{"taxonomy":"category","embeddable":true,"href":"https:\/\/jms.com.bo\/mediamonitor\/wp-json\/wp\/v2\/categories?post=43982"},{"taxonomy":"post_tag","embeddable":true,"href":"https:\/\/jms.com.bo\/mediamonitor\/wp-json\/wp\/v2\/tags?post=43982"}],"curies":[{"name":"wp","href":"https:\/\/api.w.org\/{rel}","templated":true}]}}