{"id":43988,"date":"2023-02-14T06:53:47","date_gmt":"2023-02-14T10:53:47","guid":{"rendered":"https:\/\/jms.com.bo\/mediamonitor\/2023\/02\/14\/envian-a-la-carcel-a-dirigente-guarayo-acusado-de-avasallamientos-horas-antes-estuvo-en-una-reunion-con-el-viceministro-de-tierras\/"},"modified":"2023-02-14T06:53:47","modified_gmt":"2023-02-14T10:53:47","slug":"envian-a-la-carcel-a-dirigente-guarayo-acusado-de-avasallamientos-horas-antes-estuvo-en-una-reunion-con-el-viceministro-de-tierras","status":"publish","type":"post","link":"https:\/\/jms.com.bo\/mediamonitor\/2023\/02\/14\/envian-a-la-carcel-a-dirigente-guarayo-acusado-de-avasallamientos-horas-antes-estuvo-en-una-reunion-con-el-viceministro-de-tierras\/","title":{"rendered":"Env\u00edan a la c\u00e1rcel a dirigente guarayo acusado de avasallamientos, horas antes estuvo en una reuni\u00f3n con el viceministro de Tierras"},"content":{"rendered":"<p style=\"text-align: justify;\">El vicepresidente de la Central de Organizaciones de los Pueblos Nativos Guarayos (Copnag), Julio C\u00e9sar Sierra Terrazas, fue enviado con detenci\u00f3n preventiva, por cinco meses, a la c\u00e1rcel Palmasola, tras ser acusado de avasallar la propiedad privada denominada Yubi Guaz\u00fa, del municipio de Ascensi\u00f3n.<\/p>\n<p style=\"text-align: justify;\">El dirigente de los pueblos nativos de Guarayos fue aprehendido tras la denuncia de Margarita Flores C\u00e1ceres, por los supuestos delitos de avasallamiento y asociaci\u00f3n delictuosa, inform\u00f3 \u00c1lvaro La Torre, abogado de la denunciante. Horas antes de ser capturado, el jueves, Sierra apareci\u00f3 en una fotograf\u00eda junto al viceministro de Tierras, Ramiro Guerrero, en un acto que se desarroll\u00f3 en oficinas de la Cidob.<\/p>\n<p style=\"text-align: justify;\">La Torre dijo que el dirigente fue procesado penalmente porque el 13 de agosto de 2022 ingres\u00f3 por la fuerza, junto a un grupo de avasalladores, a la propiedad Yubi Guaz\u00fa, distante a 20 kil\u00f3metros del cant\u00f3n Santa Mar\u00eda, que estaba completamente listo para el cultivo.<\/p>\n<p style=\"text-align: justify;\">El abogado se\u00f1al\u00f3 que su defendida vive en constante zozobra porque entran con frecuencia a sus tierras, rondan por el campamento, disparan con armas de fuego y agreden a sus trabajadores. \u201cEn aquella oportunidad cortaron el alambre, se robaron maquinaria, ganado, y Sierra estaba a la cabeza de este grupo\u201d, sostuvo.<\/p>\n<p style=\"text-align: justify;\">Por su parte, Margarita Flores, dijo que trabaja 31 a\u00f1os en su propiedad e identific\u00f3 a Julio C\u00e9sar Sierra Terrazas y a otras cuatro personas, como los cabecillas del grupo armado que destruy\u00f3 sus cultivos y agredieron a sus trabajadores, para poder asentarse de manera ilegal en el lugar.<\/p>\n<p style=\"text-align: justify;\">\u201cAl final logramos probar la demanda. El tipo est\u00e1 preso, despu\u00e9s de un largo peregrinar (\u2026). Cuando nos avasallaron fuimos amenazados de muerte y perdimos 80 cabezas de ganado de mi propiedad que tiene t\u00edtulo\u201d, remarc\u00f3.<\/p>\n<p style=\"text-align: justify;\">Reuni\u00f3n con viceministro<\/p>\n<p style=\"text-align: justify;\">La Torre dijo que Sierra fue aprehendido horas despu\u00e9s de una reuni\u00f3n que sostuvo con el viceministro de Tierras, Ramiro Guerrero, en Santa Cruz. Esta autoridad, al ser consultado por Correo del Sur, respondi\u00f3: \u201c\u00bfCu\u00e1l es el problema?\u201d.<\/p>\n<p style=\"text-align: justify;\">Julio C\u00e9sar Sierra (primero de la derecha) se reuni\u00f3 con el viceministro Ramiro Guerrero (cuarto de la derecha).<\/p>\n<p style=\"text-align: justify;\">Guerrero asumi\u00f3 como ministro de la extinta Corte Suprema de Justicia tras ser nombrado por decreto del expresidente Evo Morales. Adem\u00e1s, fue asamble\u00edsta constituyente y fiscal general del Estado durante el gobierno de Morales.<\/p>\n<p style=\"text-align: justify;\">Guerrero, que impugn\u00f3 ante el Tribunal Agroambiental los saneamientos de tierras del Instituto Nacional de Reforma Agraria (INRA) durante el Gobierno de Jeanine \u00c1\u00f1ez, dijo que es una autoridad p\u00fablica y que a diario se saca fotos con dirigentes<\/p>\n<p style=\"text-align: justify;\">\u201cYo tengo fotos con 20.000 dirigentes de todos lados, cada d\u00eda me saco fotos cuando voy al campo, \u00bfcu\u00e1l ser\u00eda el problema?, respondi\u00f3 Guerrero, a trav\u00e9s de una llamada telef\u00f3nica.<\/p>\n<p style=\"text-align: justify;\">Consultado sobre su vinculaci\u00f3n con el dirigente Sierra, detenido por avasallamiento de tierras, la autoridad dijo: \u201c\u00bfQu\u00e9 v\u00ednculo puedo tener? a ver, d\u00edgame, soy una autoridad, me saco fotos con todo el mundo cuando voy al campo, cuando voy a reuniones, a eventos, ampliados en todo lado, \u00bfqu\u00e9 v\u00ednculo puedo tener?\u201d, remarc\u00f3.<\/p>\n<p style=\"text-align: justify;\">Por su parte, el dirigente guarayo Julio C\u00e9sar Sierra Terrazas, neg\u00f3 haber avasallado la propiedad Yubi Guaz\u00fa, del cant\u00f3n Santa Mar\u00eda, que pertenece al municipio de Ascensi\u00f3n, y explic\u00f3 que se asent\u00f3, junto a otros comunarios, en tierras fiscales que est\u00e1n al l\u00edmite de esta propiedad.<\/p>\n<p style=\"text-align: justify;\">\u201cPor redes sociales me he enterado de la notificaci\u00f3n de aprehensi\u00f3n (en mi contra). Nuestro actuar siempre ha sido transparente y claro. La denuncia es por avasallamiento y tr\u00e1fico de tierras, pero en ning\u00fan momento hemos hecho esas dos cosas\u201d, dijo un mes antes de ser aprehendido a San Juli\u00e1n Tv.<\/p>\n","protected":false},"excerpt":{"rendered":"<p>El vicepresidente de la Central de Organizaciones de los Pueblos Nativos Guarayos (Copnag), Julio C\u00e9sar Sierra Terrazas, fue enviado con detenci\u00f3n preventiva, por cinco meses, a la c\u00e1rcel Palmasola, tras ser acusado de avasallar la propiedad privada denominada Yubi Guaz\u00fa, del municipio de Ascensi\u00f3n. El dirigente de los pueblos nativos de Guarayos fue aprehendido tras [&hellip;]<\/p>\n","protected":false},"author":4,"featured_media":43989,"comment_status":"open","ping_status":"open","sticky":false,"template":"","format":"standard","meta":{"footnotes":""},"categories":[49],"tags":[],"class_list":{"0":"post-43988","1":"post","2":"type-post","3":"status-publish","4":"format-standard","5":"has-post-thumbnail","7":"category-social"},"_links":{"self":[{"href":"https:\/\/jms.com.bo\/mediamonitor\/wp-json\/wp\/v2\/posts\/43988","targetHints":{"allow":["GET"]}}],"collection":[{"href":"https:\/\/jms.com.bo\/mediamonitor\/wp-json\/wp\/v2\/posts"}],"about":[{"href":"https:\/\/jms.com.bo\/mediamonitor\/wp-json\/wp\/v2\/types\/post"}],"author":[{"embeddable":true,"href":"https:\/\/jms.com.bo\/mediamonitor\/wp-json\/wp\/v2\/users\/4"}],"replies":[{"embeddable":true,"href":"https:\/\/jms.com.bo\/mediamonitor\/wp-json\/wp\/v2\/comments?post=43988"}],"version-history":[{"count":0,"href":"https:\/\/jms.com.bo\/mediamonitor\/wp-json\/wp\/v2\/posts\/43988\/revisions"}],"wp:featuredmedia":[{"embeddable":true,"href":"https:\/\/jms.com.bo\/mediamonitor\/wp-json\/wp\/v2\/media\/43989"}],"wp:attachment":[{"href":"https:\/\/jms.com.bo\/mediamonitor\/wp-json\/wp\/v2\/media?parent=43988"}],"wp:term":[{"taxonomy":"category","embeddable":true,"href":"https:\/\/jms.com.bo\/mediamonitor\/wp-json\/wp\/v2\/categories?post=43988"},{"taxonomy":"post_tag","embeddable":true,"href":"https:\/\/jms.com.bo\/mediamonitor\/wp-json\/wp\/v2\/tags?post=43988"}],"curies":[{"name":"wp","href":"https:\/\/api.w.org\/{rel}","templated":true}]}}