{"id":43990,"date":"2023-02-14T06:55:09","date_gmt":"2023-02-14T10:55:09","guid":{"rendered":"https:\/\/jms.com.bo\/mediamonitor\/2023\/02\/14\/maestros-y-padres-de-familia-mantienen-bloqueo-en-la-doble-via-a-la-guardia-exigiendo-entrega-de-items\/"},"modified":"2023-02-14T06:55:09","modified_gmt":"2023-02-14T10:55:09","slug":"maestros-y-padres-de-familia-mantienen-bloqueo-en-la-doble-via-a-la-guardia-exigiendo-entrega-de-items","status":"publish","type":"post","link":"https:\/\/jms.com.bo\/mediamonitor\/2023\/02\/14\/maestros-y-padres-de-familia-mantienen-bloqueo-en-la-doble-via-a-la-guardia-exigiendo-entrega-de-items\/","title":{"rendered":"Maestros y padres de familia mantienen bloqueo en la doble v\u00eda a La Guardia exigiendo entrega de \u00edtems"},"content":{"rendered":"<p style=\"text-align: justify;\">Juntas de padres de familia y la Junta Escolar del Distrito de La Guardia, del departamento de Santa Cruz, instalaron este lunes un bloqueo en el kil\u00f3metro 13 de la doble v\u00eda que conecta a los Valles y la ruta a Camiri, exigiendo al Servicio Departamental de Educaci\u00f3n (Seduca) la entrega de 250 \u00edtems a los maestros de dicho distrito.<\/p>\n<p style=\"text-align: justify;\">Alrededor de 300 personas participaron de una marcha hasta llegar al punto de bloqueo y cortar la transitabilidad en la carretera, dejando varias filas de motorizados y otros veh\u00edculos que buscaban un camino alterno para continuar con su viaje.<\/p>\n<p style=\"text-align: justify;\">En la intersecci\u00f3n algunos pasajeros tuvieron que caminar para realizar trasbordo y llegar a destino.<\/p>\n<p style=\"text-align: justify;\">Carmela Rojas, presidenta de la Junta Escolar de La Guardia, inform\u00f3 a EL DEBER que la medida se ejecutar\u00e1 de manera indefinida hasta que la entrega de 250 \u00edtems sea hecha realidad por el director del Seduca, Eliseo Huayllani.<\/p>\n<p style=\"text-align: justify;\">La dirigente mencion\u00f3 que otra de las exigencias de la junta es la nivelaci\u00f3n de horas hist\u00f3ricas y dotaci\u00f3n de los \u00edtems hist\u00f3ricos, que seg\u00fan indica, ascienden a 400.<\/p>\n<p style=\"text-align: justify;\">Rojas se\u00f1al\u00f3 que ante esta medida que cumpl\u00eda cuatro horas fueron citados por el director del Seduca para sostener una reuni\u00f3n y escuchar sus demandas.<\/p>\n<p style=\"text-align: justify;\">\u201cSi no responden a nuestras exigencias nosotros continuaremos con el bloqueo indefinido\u201d, sentenci\u00f3 Rojas.<\/p>\n<p style=\"text-align: justify;\">El bloqueo tambi\u00e9n fue instalado contra la Alcald\u00eda de La Guardia, a quienes exigieron la entrega del desayuno escolar, porque a tres semanas del inicio de clases el alimento no ha llegado a los estudiantes.<\/p>\n<p style=\"text-align: justify;\">Otras demanda es la entrega de un informe de auditor\u00eda sobre la licitaci\u00f3n del alcohol l\u00edquido y alcohol en gel de la gesti\u00f3n de 2023; y el informe de presupuesto ejecutado en equipamiento y mobiliario de la gesti\u00f3n 2022.<\/p>\n<p style=\"text-align: justify;\">\u201cPese a que instalamos este bloqueo, el municipio guardie\u00f1o a\u00fan no se ha comunicado con nosotros\u201d, dijo Rojas en contacto telef\u00f3nico con esta casa period\u00edstica.<\/p>\n","protected":false},"excerpt":{"rendered":"<p>Juntas de padres de familia y la Junta Escolar del Distrito de La Guardia, del departamento de Santa Cruz, instalaron este lunes un bloqueo en el kil\u00f3metro 13 de la doble v\u00eda que conecta a los Valles y la ruta a Camiri, exigiendo al Servicio Departamental de Educaci\u00f3n (Seduca) la entrega de 250 \u00edtems a [&hellip;]<\/p>\n","protected":false},"author":4,"featured_media":43991,"comment_status":"open","ping_status":"open","sticky":false,"template":"","format":"standard","meta":{"footnotes":""},"categories":[49],"tags":[],"class_list":{"0":"post-43990","1":"post","2":"type-post","3":"status-publish","4":"format-standard","5":"has-post-thumbnail","7":"category-social"},"_links":{"self":[{"href":"https:\/\/jms.com.bo\/mediamonitor\/wp-json\/wp\/v2\/posts\/43990","targetHints":{"allow":["GET"]}}],"collection":[{"href":"https:\/\/jms.com.bo\/mediamonitor\/wp-json\/wp\/v2\/posts"}],"about":[{"href":"https:\/\/jms.com.bo\/mediamonitor\/wp-json\/wp\/v2\/types\/post"}],"author":[{"embeddable":true,"href":"https:\/\/jms.com.bo\/mediamonitor\/wp-json\/wp\/v2\/users\/4"}],"replies":[{"embeddable":true,"href":"https:\/\/jms.com.bo\/mediamonitor\/wp-json\/wp\/v2\/comments?post=43990"}],"version-history":[{"count":0,"href":"https:\/\/jms.com.bo\/mediamonitor\/wp-json\/wp\/v2\/posts\/43990\/revisions"}],"wp:featuredmedia":[{"embeddable":true,"href":"https:\/\/jms.com.bo\/mediamonitor\/wp-json\/wp\/v2\/media\/43991"}],"wp:attachment":[{"href":"https:\/\/jms.com.bo\/mediamonitor\/wp-json\/wp\/v2\/media?parent=43990"}],"wp:term":[{"taxonomy":"category","embeddable":true,"href":"https:\/\/jms.com.bo\/mediamonitor\/wp-json\/wp\/v2\/categories?post=43990"},{"taxonomy":"post_tag","embeddable":true,"href":"https:\/\/jms.com.bo\/mediamonitor\/wp-json\/wp\/v2\/tags?post=43990"}],"curies":[{"name":"wp","href":"https:\/\/api.w.org\/{rel}","templated":true}]}}