{"id":43992,"date":"2023-02-14T06:56:17","date_gmt":"2023-02-14T10:56:17","guid":{"rendered":"https:\/\/jms.com.bo\/mediamonitor\/2023\/02\/14\/alerta-naranja-senamhi-preve-posibles-desbordes-en-las-cuencas-de-tarija-y-otros-seis-departamentos\/"},"modified":"2023-02-14T06:56:17","modified_gmt":"2023-02-14T10:56:17","slug":"alerta-naranja-senamhi-preve-posibles-desbordes-en-las-cuencas-de-tarija-y-otros-seis-departamentos","status":"publish","type":"post","link":"https:\/\/jms.com.bo\/mediamonitor\/2023\/02\/14\/alerta-naranja-senamhi-preve-posibles-desbordes-en-las-cuencas-de-tarija-y-otros-seis-departamentos\/","title":{"rendered":"Alerta naranja, Senamhi prev\u00e9 posibles desbordes en las cuencas de Tarija y otros seis departamentos"},"content":{"rendered":"<p style=\"text-align: justify;\">El Servicio Nacional de Meteorolog\u00eda e Hidrolog\u00eda (Senamhi) emiti\u00f3 este lunes una alerta naranja para siete departamentos por posibles desbordes en r\u00edos debido a las lluvias intensas.<\/p>\n<p style=\"text-align: justify;\">La alerta hidrol\u00f3gica est\u00e1 vigente a partir de este lunes hasta el viernes. La entidad pronostica posibles desbordes en la cuencas de los r\u00edos Mamor\u00e9, Parapet\u00ed, Grande, Beni, Alto Pilcomayo y Guadalquivir que afectan a los departamentos de Cochabamba, Chuquisaca, norte de La Paz y Yungas, Beni, Tarija, Santa Cruz y Potos\u00ed.<\/p>\n<p style=\"text-align: justify;\">\u201cPara los siguientes d\u00edas mantendremos algunas condiciones de precipitaciones en el norte del pa\u00eds, en la Amazon\u00eda de La Paz, Beni, Tr\u00f3pico de Cochabamba y la regi\u00f3n de los valles\u201d, explic\u00f3 el pronosticador del Senamhi, Willy Rocha.<\/p>\n<p style=\"text-align: justify;\">La alerta naranja se declara cuando la tendencia ascendente de los niveles de r\u00edos y la persistencia e intensidad de las lluvias, indican la posibilidad de presentar desborde de los r\u00edos en las pr\u00f3ximas horas.<\/p>\n<p style=\"text-align: justify;\">Se\u00f1al\u00f3 que se prev\u00e9 que en el mes de febrero continuar\u00e1n las lluvias.<\/p>\n<p style=\"text-align: justify;\">Rocha recomend\u00f3 limpiar las bocas de tormenta para evitar incidentes a causa de las abundantes precipitaciones.<\/p>\n","protected":false},"excerpt":{"rendered":"<p>El Servicio Nacional de Meteorolog\u00eda e Hidrolog\u00eda (Senamhi) emiti\u00f3 este lunes una alerta naranja para siete departamentos por posibles desbordes en r\u00edos debido a las lluvias intensas. La alerta hidrol\u00f3gica est\u00e1 vigente a partir de este lunes hasta el viernes. La entidad pronostica posibles desbordes en la cuencas de los r\u00edos Mamor\u00e9, Parapet\u00ed, Grande, Beni, [&hellip;]<\/p>\n","protected":false},"author":4,"featured_media":43993,"comment_status":"open","ping_status":"open","sticky":false,"template":"","format":"standard","meta":{"footnotes":""},"categories":[20],"tags":[],"class_list":{"0":"post-43992","1":"post","2":"type-post","3":"status-publish","4":"format-standard","5":"has-post-thumbnail","7":"category-actualidad"},"_links":{"self":[{"href":"https:\/\/jms.com.bo\/mediamonitor\/wp-json\/wp\/v2\/posts\/43992","targetHints":{"allow":["GET"]}}],"collection":[{"href":"https:\/\/jms.com.bo\/mediamonitor\/wp-json\/wp\/v2\/posts"}],"about":[{"href":"https:\/\/jms.com.bo\/mediamonitor\/wp-json\/wp\/v2\/types\/post"}],"author":[{"embeddable":true,"href":"https:\/\/jms.com.bo\/mediamonitor\/wp-json\/wp\/v2\/users\/4"}],"replies":[{"embeddable":true,"href":"https:\/\/jms.com.bo\/mediamonitor\/wp-json\/wp\/v2\/comments?post=43992"}],"version-history":[{"count":0,"href":"https:\/\/jms.com.bo\/mediamonitor\/wp-json\/wp\/v2\/posts\/43992\/revisions"}],"wp:featuredmedia":[{"embeddable":true,"href":"https:\/\/jms.com.bo\/mediamonitor\/wp-json\/wp\/v2\/media\/43993"}],"wp:attachment":[{"href":"https:\/\/jms.com.bo\/mediamonitor\/wp-json\/wp\/v2\/media?parent=43992"}],"wp:term":[{"taxonomy":"category","embeddable":true,"href":"https:\/\/jms.com.bo\/mediamonitor\/wp-json\/wp\/v2\/categories?post=43992"},{"taxonomy":"post_tag","embeddable":true,"href":"https:\/\/jms.com.bo\/mediamonitor\/wp-json\/wp\/v2\/tags?post=43992"}],"curies":[{"name":"wp","href":"https:\/\/api.w.org\/{rel}","templated":true}]}}