{"id":43994,"date":"2023-02-14T06:57:32","date_gmt":"2023-02-14T10:57:32","guid":{"rendered":"https:\/\/jms.com.bo\/mediamonitor\/2023\/02\/14\/empresarios-e-influencers-de-canada-y-belgica-llegan-a-bolivia-para-conocer-y-promocionar-los-destinos-turisticos\/"},"modified":"2023-02-14T06:57:32","modified_gmt":"2023-02-14T10:57:32","slug":"empresarios-e-influencers-de-canada-y-belgica-llegan-a-bolivia-para-conocer-y-promocionar-los-destinos-turisticos","status":"publish","type":"post","link":"https:\/\/jms.com.bo\/mediamonitor\/2023\/02\/14\/empresarios-e-influencers-de-canada-y-belgica-llegan-a-bolivia-para-conocer-y-promocionar-los-destinos-turisticos\/","title":{"rendered":"Empresarios e influencers de Canad\u00e1 y B\u00e9lgica llegan a Bolivia para conocer y promocionar los destinos tur\u00edsticos"},"content":{"rendered":"<p style=\"text-align: justify;\">Empresarios, influencers y periodistas de medios de comunicaci\u00f3n de Canad\u00e1 y B\u00e9lgica visitar\u00e1n estos d\u00edas seis destinos tur\u00edsticos de Bolivia con miras a intercambiar experiencias y concretar negocios, inform\u00f3 este lunes la viceministra de Turismo, Eliana Ampuero.<\/p>\n<p style=\"text-align: justify;\">En contacto con la red de medios estatales, explic\u00f3 que, mediante las embajadas de B\u00e9lgica y Canad\u00e1 en Bolivia, el Gobierno invit\u00f3, a trav\u00e9s de la Canciller\u00eda, a operadores de turismo internacionales a conocer Bolivia.<\/p>\n<p style=\"text-align: justify;\">\u201cEl d\u00eda s\u00e1bado ya ha llegado un grupo de Canad\u00e1 y el d\u00eda de ma\u00f1ana (martes) est\u00e1 llegando un grupo de empresarios, influencers y medios de prensa de B\u00e9lgica que van a visitar seis destinos en el pa\u00eds\u201d, explic\u00f3.<\/p>\n<p style=\"text-align: justify;\">Este grupo de empresarios, influencers y medios de comunicaci\u00f3n extranjeros visitar\u00e1n el carnaval de Oruro, declarado por la Unesco Obra Maestra del Patrimonio Oral e Intangible de la Humanidad; y el salar de Uyuni, considerado el desierto con importantes reservas de litio.<\/p>\n<p style=\"text-align: justify;\">En el itinerario tambi\u00e9n est\u00e1 el majestuoso lago Titicaca, uno de los m\u00e1s grandes de Sudam\u00e9rica y el cuerpo de agua navegable m\u00e1s alto del mundo; la ruta Rurrenabaque, Madidi Pampas, que es la entrada a la amazonia boliviana con ex\u00f3tica flora y fauna; y el \u201cCamino de la muerte\u201d, construida en la d\u00e9cada de 1930, \u201cuna parte por prisioneros paraguayos, durante la guerra del Chaco\u201d.<\/p>\n<p style=\"text-align: justify;\">A ello se sumar\u00e1 los city tours, que son circuitos por las ciudades de La Paz y El Alto, tomando en cuenta que la metr\u00f3poli pace\u00f1a es considerada una de las siete ciudades maravilla del mundo.<\/p>\n<p style=\"text-align: justify;\">Por ejemplo, en el lago Titicaca, la comisi\u00f3n har\u00e1 un tour desde Huatajata hasta la Isla del Sol para conocer, explorar y deleitarse con la cultura, gastronom\u00eda y paisaje t\u00edpicos y emblem\u00e1ticos de esta regi\u00f3n.<\/p>\n<p style=\"text-align: justify;\">\u201cEllos llegan a probar el producto boliviano y a encontrarse con el sector privado para intercambiar experiencias y hacer negocios. A partir de estos servicios que ellos van a conocer en Bolivia, en su pa\u00eds de origen, puedan vender a su poblaci\u00f3n\u201d, enfatiz\u00f3 Ampuero.<\/p>\n<p style=\"text-align: justify;\">La comisi\u00f3n vendr\u00e1 a Bolivia a conocer de manera directa los destinos que el Gobierno nacional difunde en el mundo con la finalidad de captar turistas extranjeros y generar mayores divisas.<\/p>\n<p style=\"text-align: justify;\">Si se trata de turismo, el p\u00fablico europeo es \u201cmuy importante\u201d por la capacidad de gasto que tiene y \u201cevidentemente\u201d los servicios que presta Bolivia deben tener todos los est\u00e1ndares de calidad internacional.<\/p>\n<p style=\"text-align: justify;\">\n","protected":false},"excerpt":{"rendered":"<p>Empresarios, influencers y periodistas de medios de comunicaci\u00f3n de Canad\u00e1 y B\u00e9lgica visitar\u00e1n estos d\u00edas seis destinos tur\u00edsticos de Bolivia con miras a intercambiar experiencias y concretar negocios, inform\u00f3 este lunes la viceministra de Turismo, Eliana Ampuero. En contacto con la red de medios estatales, explic\u00f3 que, mediante las embajadas de B\u00e9lgica y Canad\u00e1 en [&hellip;]<\/p>\n","protected":false},"author":4,"featured_media":43995,"comment_status":"open","ping_status":"open","sticky":false,"template":"","format":"standard","meta":{"footnotes":""},"categories":[20],"tags":[],"class_list":{"0":"post-43994","1":"post","2":"type-post","3":"status-publish","4":"format-standard","5":"has-post-thumbnail","7":"category-actualidad"},"_links":{"self":[{"href":"https:\/\/jms.com.bo\/mediamonitor\/wp-json\/wp\/v2\/posts\/43994","targetHints":{"allow":["GET"]}}],"collection":[{"href":"https:\/\/jms.com.bo\/mediamonitor\/wp-json\/wp\/v2\/posts"}],"about":[{"href":"https:\/\/jms.com.bo\/mediamonitor\/wp-json\/wp\/v2\/types\/post"}],"author":[{"embeddable":true,"href":"https:\/\/jms.com.bo\/mediamonitor\/wp-json\/wp\/v2\/users\/4"}],"replies":[{"embeddable":true,"href":"https:\/\/jms.com.bo\/mediamonitor\/wp-json\/wp\/v2\/comments?post=43994"}],"version-history":[{"count":0,"href":"https:\/\/jms.com.bo\/mediamonitor\/wp-json\/wp\/v2\/posts\/43994\/revisions"}],"wp:featuredmedia":[{"embeddable":true,"href":"https:\/\/jms.com.bo\/mediamonitor\/wp-json\/wp\/v2\/media\/43995"}],"wp:attachment":[{"href":"https:\/\/jms.com.bo\/mediamonitor\/wp-json\/wp\/v2\/media?parent=43994"}],"wp:term":[{"taxonomy":"category","embeddable":true,"href":"https:\/\/jms.com.bo\/mediamonitor\/wp-json\/wp\/v2\/categories?post=43994"},{"taxonomy":"post_tag","embeddable":true,"href":"https:\/\/jms.com.bo\/mediamonitor\/wp-json\/wp\/v2\/tags?post=43994"}],"curies":[{"name":"wp","href":"https:\/\/api.w.org\/{rel}","templated":true}]}}