{"id":43998,"date":"2023-02-14T07:00:27","date_gmt":"2023-02-14T11:00:27","guid":{"rendered":"https:\/\/jms.com.bo\/mediamonitor\/2023\/02\/14\/analistas-afirman-que-nueva-directiva-civica-crucena-tiene-perfil-mas-de-dialogo-y-menos-confrontador\/"},"modified":"2023-02-14T07:00:27","modified_gmt":"2023-02-14T11:00:27","slug":"analistas-afirman-que-nueva-directiva-civica-crucena-tiene-perfil-mas-de-dialogo-y-menos-confrontador","status":"publish","type":"post","link":"https:\/\/jms.com.bo\/mediamonitor\/2023\/02\/14\/analistas-afirman-que-nueva-directiva-civica-crucena-tiene-perfil-mas-de-dialogo-y-menos-confrontador\/","title":{"rendered":"Analistas afirman que nueva directiva c\u00edvica cruce\u00f1a tiene perfil m\u00e1s de di\u00e1logo y menos confrontador"},"content":{"rendered":"<p style=\"text-align: justify;\">De acuerdo con los analistas pol\u00edticos Vladimir Pe\u00f1a y Hugo Siles, la directiva electa del Comit\u00e9 pro Santa Cruz tiene un perfil m\u00e1s de di\u00e1logo y menos confrontador, al contrario de sus antecesoras.<\/p>\n<p style=\"text-align: justify;\">\u201cFernando Larach (nuevo presidente) no tiene un perfil tan confrontador como los anteriores c\u00edvicos. Me agrada escuchar que en su discurso (luego de conocerse su triunfo) habl\u00f3 de pol\u00edticas de alcance nacional\u201d, dijo Vladimir Pe\u00f1a en entrevista con Piedra, Papel y Tinta de La Raz\u00f3n.<\/p>\n<p style=\"text-align: justify;\">Para Hugo Siles, en el discurso de Larach se evidenci\u00f3 un \u201ccambio de estilo\u201d respecto al alcance nacional de sus propuestas.<\/p>\n<p style=\"text-align: justify;\">\u201cSe nota una pulseta entre extremistas del Comit\u00e9 y todo esto supone una rivalidad de la que han salido en mejor posici\u00f3n los que tienen un discurso m\u00e1s centrado en el di\u00e1logo y la gesti\u00f3n distinta\u201d, dijo tambi\u00e9n a Piedra, Papel y Tinta.<\/p>\n<p style=\"text-align: justify;\">Reivindicaciones<\/p>\n<p style=\"text-align: justify;\">El s\u00e1bado, Larach asegur\u00f3 que su directiva dar\u00e1 la talla y seguir\u00e1 la larga historia de lucha por las reivindicaciones cruce\u00f1as y bolivianas.<\/p>\n<p style=\"text-align: justify;\">\u201cTenemos desaf\u00edos importantes como la liberaci\u00f3n de los perseguidos pol\u00edticos y la descentralizaci\u00f3n, que es lo que necesitamos. Darle poder a las regiones para que desarrollen en la medida de sus posibilidades\u201d, a\u00f1adi\u00f3.<\/p>\n<p style=\"text-align: justify;\">Reformas<\/p>\n<p style=\"text-align: justify;\">Por otra parte, Pe\u00f1a, tambi\u00e9n exsecretario de Gobierno de la Gobernaci\u00f3n cruce\u00f1a, expres\u00f3 su confianza que ahora, el Comit\u00e9 pro Santa Cruz har\u00e1 reformas internas que son necesarias, pero que nadie se atreve.<\/p>\n<p style=\"text-align: justify;\">\u201cEllo para demostrar que es un Comit\u00e9 m\u00e1s inclusivo y que pueda representar aut\u00e9nticamente a la nueva Santa Cruz del siglo XXI, adem\u00e1s que se incorpore a sectores que no est\u00e1n o que solo es de manera simb\u00f3lica\u201d, indic\u00f3.<\/p>\n<p style=\"text-align: justify;\">De acuerdo con Siles, exministro de Autonom\u00edas, con la nueva dirigencia c\u00edvica no se repetir\u00e1n los paros.<\/p>\n<p style=\"text-align: justify;\">Como lo alentaba el a\u00fan presidente R\u00f3mulo Calvo, y las \u201cformas fascistas de comportamiento\u201d.<\/p>\n<p style=\"text-align: justify;\">\u201cHay que ver como se mueve Larach en estas arenas complejas de la agenda que le han dejado sus antecesores\u201d, apunt\u00f3.<\/p>\n<p style=\"text-align: justify;\">Para pe\u00f1a, la agenda del Comit\u00e9 tendr\u00e1 doble funci\u00f3n, una en Santa Cruz y otra a nivel nacional, y para ello, la dirigencia deber\u00e1 saber articular con otros espacios.<\/p>\n<p style=\"text-align: justify;\">\u201cEsta situaci\u00f3n de constante polarizaci\u00f3n pol\u00edtica ha encontrado reacci\u00f3n en el Comit\u00e9 pro Santa Cruz\u00bb, dijo.<\/p>\n<p style=\"text-align: justify;\">\u00abY no se va a salir de ese cauce institucional tradicional de defender los valores de la cruce\u00f1idad acentuado en un regionalismo\u201d, acot\u00f3.<\/p>\n<p style=\"text-align: justify;\">\u201cHoy parece que se ha acentuado en la defensa de la democracia, pero no van a desaparecer las tensiones internas\u201d, acot\u00f3.<\/p>\n<p style=\"text-align: justify;\">Elecci\u00f3n<\/p>\n<p style=\"text-align: justify;\">El pasado s\u00e1bado, Fernando Larach, el \u00fanico candidato a la presidencia del Comit\u00e9 pro Santa Cruz, logr\u00f3 el triunfo con 209 votos de un total de 226.<\/p>\n<p style=\"text-align: justify;\">Los analistas tambi\u00e9n coincidieron en cuestionar algunos aspectos sobre la forma en que se desarroll\u00f3 el acto electivo.<\/p>\n<p style=\"text-align: justify;\">Para Siles, se trat\u00f3 de \u201cuna suerte de intercalar y acordar entre los grupos de poder\u201d quien va a la presidencia y asever\u00f3 que hubo una distancia abismal con otros procesos eleccionarios abiertos y democr\u00e1ticos.<\/p>\n<p style=\"text-align: justify;\">\u201cEn este caso fue cerrado y corporativo\u201d, dijo.<\/p>\n<p style=\"text-align: justify;\">De acuerdo con Pe\u00f1a, la elecci\u00f3n de Larach responde a los grupos hegem\u00f3nicos que controlan el Comit\u00e9.<\/p>\n<p style=\"text-align: justify;\">Y a l\u00f3gica de camino que hacen los dirigentes c\u00edvicos para llegar al cargo de presidente.<\/p>\n<p style=\"text-align: justify;\">\u201cHubo tensi\u00f3n entre un grupo rupturista que planteaba una candidatura distinta, la del vicerrector (Reinerio Vargas), pero que en t\u00e9rminos internos de manejo del Comit\u00e9 supone una disputa entre grupos hegem\u00f3nicos\u201d, explic\u00f3.<\/p>\n<p style=\"text-align: justify;\">Ambos analistas coincidieron en que la nueva directiva tiene una tarea muy importante en el manejo de la agenda dejada por R\u00f3mulo Calvo.<\/p>\n<p style=\"text-align: justify;\">Sobre la ley de amnist\u00eda para \u201cpresos pol\u00edticos\u201d, principalmente.<\/p>\n","protected":false},"excerpt":{"rendered":"<p>De acuerdo con los analistas pol\u00edticos Vladimir Pe\u00f1a y Hugo Siles, la directiva electa del Comit\u00e9 pro Santa Cruz tiene un perfil m\u00e1s de di\u00e1logo y menos confrontador, al contrario de sus antecesoras. \u201cFernando Larach (nuevo presidente) no tiene un perfil tan confrontador como los anteriores c\u00edvicos. Me agrada escuchar que en su discurso (luego [&hellip;]<\/p>\n","protected":false},"author":4,"featured_media":43999,"comment_status":"open","ping_status":"open","sticky":false,"template":"","format":"standard","meta":{"footnotes":""},"categories":[18],"tags":[],"class_list":{"0":"post-43998","1":"post","2":"type-post","3":"status-publish","4":"format-standard","5":"has-post-thumbnail","7":"category-politica"},"_links":{"self":[{"href":"https:\/\/jms.com.bo\/mediamonitor\/wp-json\/wp\/v2\/posts\/43998","targetHints":{"allow":["GET"]}}],"collection":[{"href":"https:\/\/jms.com.bo\/mediamonitor\/wp-json\/wp\/v2\/posts"}],"about":[{"href":"https:\/\/jms.com.bo\/mediamonitor\/wp-json\/wp\/v2\/types\/post"}],"author":[{"embeddable":true,"href":"https:\/\/jms.com.bo\/mediamonitor\/wp-json\/wp\/v2\/users\/4"}],"replies":[{"embeddable":true,"href":"https:\/\/jms.com.bo\/mediamonitor\/wp-json\/wp\/v2\/comments?post=43998"}],"version-history":[{"count":0,"href":"https:\/\/jms.com.bo\/mediamonitor\/wp-json\/wp\/v2\/posts\/43998\/revisions"}],"wp:featuredmedia":[{"embeddable":true,"href":"https:\/\/jms.com.bo\/mediamonitor\/wp-json\/wp\/v2\/media\/43999"}],"wp:attachment":[{"href":"https:\/\/jms.com.bo\/mediamonitor\/wp-json\/wp\/v2\/media?parent=43998"}],"wp:term":[{"taxonomy":"category","embeddable":true,"href":"https:\/\/jms.com.bo\/mediamonitor\/wp-json\/wp\/v2\/categories?post=43998"},{"taxonomy":"post_tag","embeddable":true,"href":"https:\/\/jms.com.bo\/mediamonitor\/wp-json\/wp\/v2\/tags?post=43998"}],"curies":[{"name":"wp","href":"https:\/\/api.w.org\/{rel}","templated":true}]}}