{"id":44000,"date":"2023-02-14T07:01:43","date_gmt":"2023-02-14T11:01:43","guid":{"rendered":"https:\/\/jms.com.bo\/mediamonitor\/2023\/02\/14\/tse-fija-los-meses-de-abril-y-octubre-como-claves-en-la-eleccion-de-nuevos-magistrados\/"},"modified":"2023-02-14T07:01:43","modified_gmt":"2023-02-14T11:01:43","slug":"tse-fija-los-meses-de-abril-y-octubre-como-claves-en-la-eleccion-de-nuevos-magistrados","status":"publish","type":"post","link":"https:\/\/jms.com.bo\/mediamonitor\/2023\/02\/14\/tse-fija-los-meses-de-abril-y-octubre-como-claves-en-la-eleccion-de-nuevos-magistrados\/","title":{"rendered":"TSE fija los meses de abril y octubre como claves en la elecci\u00f3n de nuevos magistrados"},"content":{"rendered":"<p style=\"text-align: justify;\">Los meses de abril y octubre de este a\u00f1o fueron fijados como los meses clave para la elecci\u00f3n de nuevos magistrados del \u00d3rgano Judicial, as\u00ed lo hicieron conocer los vocales del Tribunal Supremo Electoral (TSE) al diputado, Juan Jos\u00e9 J\u00e1uregui (MAS), quien pidi\u00f3 reunirse con la sala plena del ente.<\/p>\n<p style=\"text-align: justify;\">\u201cAbril y octubre es el c\u00e1lculo de tiempo que hemos realizado, esperamos que las listas (de postulantes) puedan ser remitidas entre mediados o finales de abril, tal vez unos d\u00edas m\u00e1s para lanzar la convocatoria; a partir de la convocatoria hay que cumplir un calendario que pueda concluir el 29 de octubre, ese es el proceso de planificaci\u00f3n\u201d, dijo la vocal Dina Chuquimia.<\/p>\n<p style=\"text-align: justify;\">La ma\u00f1ana de este lunes los vocales del ente electoral sostuvieron una reuni\u00f3n de car\u00e1cter informativo con el diputado J\u00e1uregui que preside la comisi\u00f3n de Constituci\u00f3n de la C\u00e1mara de Diputados. Aunque el legislador oficialista hab\u00eda manifestado que convocar\u00edan a los vocales a la Asamblea, la carta que remiti\u00f3 al TSE solicita una reuni\u00f3n con las autoridades electorales y en la que no participaron los diputados del bloque opositor.<\/p>\n<p style=\"text-align: justify;\">El MAS desahuci\u00f3 la iniciativa ciudadana de recolecci\u00f3n de firmas para un refer\u00e9ndum constitucional que cambie las reglas de selecci\u00f3n de los candidatos a magistrados. El propio J\u00e1uregui declar\u00f3 que los plazos existentes no permitir\u00e1n la realizaci\u00f3n de la consulta que buscan los abogados que impulsan esta iniciativa.<\/p>\n<p style=\"text-align: justify;\">La vocal Chuquimia aclar\u00f3 que ambos procesos son distintos y no pueden ser sobrepuestos o compartidos, puesto que la Constituci\u00f3n Pol\u00edtica del Estado y la Ley de R\u00e9gimen Electoral fijan plazos para la elecci\u00f3n de las altas autoridades judiciales y es un proceso que no puede detenerse; mientras que la iniciativa de los abogados debe seguir un tr\u00e1mite y que se atender\u00e1 ese pedido en la medida que cumpla los plazos que tienen los distintos \u00f3rganos del Estado que revisar\u00e1n esta petici\u00f3n.<\/p>\n<p style=\"text-align: justify;\">Cada vocal del TSE brind\u00f3 informaci\u00f3n y recomendaciones a partir de la experiencia de los procesos electorales anteriores y en virtud a lo que indica la normativa. Los temas m\u00e1s sobresalientes estuvieron relacionados al cumplimiento de los tiempos que prev\u00e9 la ley y que requiere adem\u00e1s el TSE para la realizaci\u00f3n de las elecciones, la revisi\u00f3n de requisitos de los postulantes, la difusi\u00f3n oportuna de m\u00e9ritos, la ejecuci\u00f3n del calendario electoral y sus distintas actividades, como ser\u00e1 el empadronamiento masivo, por ejemplo.<\/p>\n","protected":false},"excerpt":{"rendered":"<p>Los meses de abril y octubre de este a\u00f1o fueron fijados como los meses clave para la elecci\u00f3n de nuevos magistrados del \u00d3rgano Judicial, as\u00ed lo hicieron conocer los vocales del Tribunal Supremo Electoral (TSE) al diputado, Juan Jos\u00e9 J\u00e1uregui (MAS), quien pidi\u00f3 reunirse con la sala plena del ente. \u201cAbril y octubre es el [&hellip;]<\/p>\n","protected":false},"author":4,"featured_media":44001,"comment_status":"open","ping_status":"open","sticky":false,"template":"","format":"standard","meta":{"footnotes":""},"categories":[18],"tags":[],"class_list":{"0":"post-44000","1":"post","2":"type-post","3":"status-publish","4":"format-standard","5":"has-post-thumbnail","7":"category-politica"},"_links":{"self":[{"href":"https:\/\/jms.com.bo\/mediamonitor\/wp-json\/wp\/v2\/posts\/44000","targetHints":{"allow":["GET"]}}],"collection":[{"href":"https:\/\/jms.com.bo\/mediamonitor\/wp-json\/wp\/v2\/posts"}],"about":[{"href":"https:\/\/jms.com.bo\/mediamonitor\/wp-json\/wp\/v2\/types\/post"}],"author":[{"embeddable":true,"href":"https:\/\/jms.com.bo\/mediamonitor\/wp-json\/wp\/v2\/users\/4"}],"replies":[{"embeddable":true,"href":"https:\/\/jms.com.bo\/mediamonitor\/wp-json\/wp\/v2\/comments?post=44000"}],"version-history":[{"count":0,"href":"https:\/\/jms.com.bo\/mediamonitor\/wp-json\/wp\/v2\/posts\/44000\/revisions"}],"wp:featuredmedia":[{"embeddable":true,"href":"https:\/\/jms.com.bo\/mediamonitor\/wp-json\/wp\/v2\/media\/44001"}],"wp:attachment":[{"href":"https:\/\/jms.com.bo\/mediamonitor\/wp-json\/wp\/v2\/media?parent=44000"}],"wp:term":[{"taxonomy":"category","embeddable":true,"href":"https:\/\/jms.com.bo\/mediamonitor\/wp-json\/wp\/v2\/categories?post=44000"},{"taxonomy":"post_tag","embeddable":true,"href":"https:\/\/jms.com.bo\/mediamonitor\/wp-json\/wp\/v2\/tags?post=44000"}],"curies":[{"name":"wp","href":"https:\/\/api.w.org\/{rel}","templated":true}]}}