{"id":44002,"date":"2023-02-14T07:03:06","date_gmt":"2023-02-14T11:03:06","guid":{"rendered":"https:\/\/jms.com.bo\/mediamonitor\/2023\/02\/14\/obispos-dicen-que-no-hubo-golpe-y-que-buscaron-la-pacificacion-del-pais\/"},"modified":"2023-02-14T07:03:06","modified_gmt":"2023-02-14T11:03:06","slug":"obispos-dicen-que-no-hubo-golpe-y-que-buscaron-la-pacificacion-del-pais","status":"publish","type":"post","link":"https:\/\/jms.com.bo\/mediamonitor\/2023\/02\/14\/obispos-dicen-que-no-hubo-golpe-y-que-buscaron-la-pacificacion-del-pais\/","title":{"rendered":"Obispos dicen que no hubo golpe y que buscaron la pacificaci\u00f3n del pa\u00eds"},"content":{"rendered":"<p style=\"text-align: justify;\">El vicepresidente de la Conferencia Episcopal Boliviana (CEB), Ricardo Centellas, record\u00f3 que los obispos de la Iglesia cat\u00f3lica propiciaron el di\u00e1logo y la pacificaci\u00f3n durante los conflictos de 2019. El arzobispo, Jes\u00fas Ju\u00e1rez, asegur\u00f3 que no hubo golpe. Adem\u00e1s, 15 acciones muestran el rol facilitador de la Iglesia en el proceso de di\u00e1logo.<\/p>\n<p style=\"text-align: justify;\">\u201cNosotros hemos actuado como instituci\u00f3n; son diversas personas, responsabilidades que se han movido en ese tiempo, pero fundamentalmente para facilitar el di\u00e1logo y que se pueda lograr en Bolivia la pacificaci\u00f3n\u201d, asegur\u00f3 ayer Centellas.<\/p>\n<p style=\"text-align: justify;\">El procurador general del Estado, Wilfredo Ch\u00e1vez, pidi\u00f3 que el Ministerio P\u00fablico convoque a los obispos que en noviembre y diciembre de 2019 fueron facilitadores del di\u00e1logo, para esclarecer la investigaci\u00f3n de los hechos ocurridos durante la crisis postelectoral de 2019. Centellas inform\u00f3 que la CEB no ha recibido ninguna citaci\u00f3n. \u201cEn todo caso, estamos atentos para ver c\u00f3mo sigue esta investigaci\u00f3n\u201d, indic\u00f3.<\/p>\n<p style=\"text-align: justify;\">El arzobispo em\u00e9rito de Sucre, Jes\u00fas Ju\u00e1rez, dijo que \u201ctodo el mundo sabe que no hubo un golpe de Estado sino un fraude monumental apoyado por instituciones extranjeras y nacionales y se llega a esa conclusi\u00f3n viendo los hechos\u201d. Agreg\u00f3 que con esa narrativa, el Gobierno piensa que har\u00e1 creer a la poblaci\u00f3n que fue golpe, \u201cpero la poblaci\u00f3n cree que fue fraude\u201d.<\/p>\n<p style=\"text-align: justify;\">Entre las 15 acciones que la CEB hizo entre el 7 de noviembre y el 5 de diciembre de 2019, y muestran su rol facilitador en la crisis social de ese a\u00f1o est\u00e1n:<\/p>\n<p style=\"text-align: justify;\">1. Tras las denuncias de fraude, las protestas se iniciaron el 7 de noviembre .\u201cManuel Canelas, entonces ministro de Comunicaci\u00f3n, pidi\u00f3 a la Iglesia que colabore en la pacificaci\u00f3n del pa\u00eds, que se encontraba sumido en una creciente convulsi\u00f3n\u201d. As\u00ed se inici\u00f3 el proceso de facilitaci\u00f3n.<\/p>\n<p style=\"text-align: justify;\">2. El 8 de noviembre, los monse\u00f1ores Toribio Cardenal Ticona, Edmundo Abastoflor y Percy Galv\u00e1n se reunieron \u201ccon el presidente Evo Morales, quien les pidi\u00f3 insistentemente que se publique un llamado a la paz\u201d.<\/p>\n<p style=\"text-align: justify;\">3. Ese d\u00eda, la CEB se contact\u00f3 con la Delegaci\u00f3n de la Uni\u00f3n Europea en Bolivia y la Embajada de Espa\u00f1a en el pa\u00eds.<\/p>\n<p style=\"text-align: justify;\">4. El 10 de noviembre, \u201cel Santo Padre llam\u00f3, desde Roma, y or\u00f3 para esperar sin violencia el informe de la auditor\u00eda de la OEA sobre las elecciones\u201d. El cual demostr\u00f3 la \u201cmanipulaci\u00f3n dolosa, parcialidad de la autoridad electoral, alteraci\u00f3n de actas, fallas en la cadena de custodia y falsificaci\u00f3n de firmas\u201d.<\/p>\n<p style=\"text-align: justify;\">5. Tras la renuncia de Evo, la CEB propici\u00f3 una reuni\u00f3n de emergencia en la Universidad Cat\u00f3lica. Luego se supo de las dimisiones de la presidenta del Senado, Adriana Salvatierra, su vicepresidente Rub\u00e9n Medinacelli y V\u00edctor Borda en Diputados. Ante ello, la senadora \u201c(Jeanine) A\u00f1ez se hallaba jur\u00eddicamente habilitada\u201d.<\/p>\n<p style=\"text-align: justify;\">6. Con el pa\u00eds sumido en la violencia, el 11 de noviembre, tres obispos y un sacerdote se hicieron presentes en el Estado Mayor y en el Comando de la Polic\u00eda para solicitar la contenci\u00f3n de la violencia en las calles, pero no fueron recibidos.<\/p>\n<p style=\"text-align: justify;\">7. La tarde del 11 se instal\u00f3 la reuni\u00f3n de los facilitadores convocada por la CEB y diplom\u00e1ticos. Estuvieron Salvatierra y Teresa Morales, por parte del MAS; adem\u00e1s de Carlos Mesa, Samuel Doria Medina y Jorge Quiroga con el fin de restituir el orden p\u00fablico. \u201cEl di\u00e1logo era casi imposible, debido a las constantes salidas de la senadora Salvatierra para atender o hacer llamadas telef\u00f3nicas\u201d.<\/p>\n<p style=\"text-align: justify;\">8. El 12 de noviembre se reanud\u00f3 el di\u00e1logo, pero las representantes del MAS indicaron que no iban a aceptar en la Asamblea la renuncia de Evo Morales.<\/p>\n<p style=\"text-align: justify;\">9. Al final, Salvatierra confirm\u00f3 que iban a estar en la Asamblea \u201cen la sesi\u00f3n en la cual reconocer\u00edan a A\u00f1ez\u201d, como presidenta. El documento cita que incluso se mand\u00f3 un veh\u00edculo diplom\u00e1tico a Salvatierra para que asista a la sesi\u00f3n, pero nunca lleg\u00f3.<\/p>\n<p style=\"text-align: justify;\">10. Antes de la sesi\u00f3n de la Asamblea, la CEB public\u00f3 el comunicado en el que convoc\u00f3 \u201ca todos a construir una Bolivia en paz\u201d.<\/p>\n<p style=\"text-align: justify;\">11. Esa tarde del 12 de noviembre, el secretario general de la OEA, Luis Almagro, intervino en la OEA refiri\u00e9ndose a Bolivia. \u201cManifest\u00f3 que no hubo m\u00e1s golpe de Estado que el fraude electoral del 20 de octubre de 2019\u201d.<\/p>\n<p style=\"text-align: justify;\">12. El 14 de noviembre se inici\u00f3 la etapa de pacificaci\u00f3n; sin embargo, \u201cdesde el MAS solicitaron salvoconductos de salida para las autoridades\u201d.<\/p>\n<p style=\"text-align: justify;\">13. El 19 de noviembre estall\u00f3 la violencia en Senkata y la Iglesia acogi\u00f3 muertos y heridos en su parroquia.<\/p>\n<p style=\"text-align: justify;\">14. Entre el 23 y 24 de noviembre, los facilitadores allanaron el camino para que se promulgue la Ley 1266 de R\u00e9gimen Excepcional y Transitorio para la realizaci\u00f3n de Elecciones Generales el 2020.<\/p>\n<p style=\"text-align: justify;\">15. El 5 de diciembre, durante el di\u00e1logo convocado por la CEB, se analizaron los nombres de candidatos a vocales del TSE para las elecciones 2020.<\/p>\n<p style=\"text-align: justify;\">El Procurador dice que los obispos se \u201cvictimizan\u201d<\/p>\n<p style=\"text-align: justify;\">Proceso El procurador, Wilfredo Ch\u00e1vez, indic\u00f3 que los obispos de la Iglesia se \u201cvictimizan\u201d ante los medios tras conocerse el memorial enviado por dicha instancia ante la Fiscal\u00eda, en el que solicita la convocatoria a quienes integraron la CEB durante la crisis de noviembre de 2019. \u201cEstas personas est\u00e1n llamadas como testigos, y han hecho una victimizaci\u00f3n medi\u00e1tica en todo lado diciendo que los estamos investigando, de \u2018pobrecitos\u2019. Que su conciencia los haga culpables, es su problema\u201d, sentenci\u00f3.<\/p>\n<p style=\"text-align: justify;\">Reuni\u00f3n Ch\u00e1vez dijo que las reuniones se hicieron en la Universidad Cat\u00f3lica, que pertenece a la Iglesia. \u201cTienen que dar testimonio de lo que han hablado, qu\u00e9 han dicho, qu\u00e9 han hecho\u201d, indic\u00f3.<\/p>\n<p style=\"text-align: justify;\">Fuero El fiscal Omar Mejillones, quien investiga el caso \u201cGolpe I\u201d, dijo que los representantes de la Iglesia cuentan con fuero, por lo que la Procuradur\u00eda debe explicar la raz\u00f3n de su convocatoria.<\/p>\n<p style=\"text-align: justify;\">Llamados Entre los convocados destaca el nombre de monse\u00f1or Ricardo Centellas Guzm\u00e1n, quien en 2019 fue vicepresidente de la CEB; Aurelio Pesoa Ribera, quien fue secretario general episcopal; monse\u00f1or Giovanni Arana, obispo auxiliar de El Alto; y el padre Jos\u00e9 Fuentes Cano, secretario general adjunto de la CEB y otros.<\/p>\n","protected":false},"excerpt":{"rendered":"<p>El vicepresidente de la Conferencia Episcopal Boliviana (CEB), Ricardo Centellas, record\u00f3 que los obispos de la Iglesia cat\u00f3lica propiciaron el di\u00e1logo y la pacificaci\u00f3n durante los conflictos de 2019. El arzobispo, Jes\u00fas Ju\u00e1rez, asegur\u00f3 que no hubo golpe. Adem\u00e1s, 15 acciones muestran el rol facilitador de la Iglesia en el proceso de di\u00e1logo. \u201cNosotros hemos [&hellip;]<\/p>\n","protected":false},"author":4,"featured_media":44003,"comment_status":"open","ping_status":"open","sticky":false,"template":"","format":"standard","meta":{"footnotes":""},"categories":[18,48,46],"tags":[],"class_list":{"0":"post-44002","1":"post","2":"type-post","3":"status-publish","4":"format-standard","5":"has-post-thumbnail","7":"category-politica","8":"category-portada-general-sitio","9":"category-portada-politica"},"_links":{"self":[{"href":"https:\/\/jms.com.bo\/mediamonitor\/wp-json\/wp\/v2\/posts\/44002","targetHints":{"allow":["GET"]}}],"collection":[{"href":"https:\/\/jms.com.bo\/mediamonitor\/wp-json\/wp\/v2\/posts"}],"about":[{"href":"https:\/\/jms.com.bo\/mediamonitor\/wp-json\/wp\/v2\/types\/post"}],"author":[{"embeddable":true,"href":"https:\/\/jms.com.bo\/mediamonitor\/wp-json\/wp\/v2\/users\/4"}],"replies":[{"embeddable":true,"href":"https:\/\/jms.com.bo\/mediamonitor\/wp-json\/wp\/v2\/comments?post=44002"}],"version-history":[{"count":0,"href":"https:\/\/jms.com.bo\/mediamonitor\/wp-json\/wp\/v2\/posts\/44002\/revisions"}],"wp:featuredmedia":[{"embeddable":true,"href":"https:\/\/jms.com.bo\/mediamonitor\/wp-json\/wp\/v2\/media\/44003"}],"wp:attachment":[{"href":"https:\/\/jms.com.bo\/mediamonitor\/wp-json\/wp\/v2\/media?parent=44002"}],"wp:term":[{"taxonomy":"category","embeddable":true,"href":"https:\/\/jms.com.bo\/mediamonitor\/wp-json\/wp\/v2\/categories?post=44002"},{"taxonomy":"post_tag","embeddable":true,"href":"https:\/\/jms.com.bo\/mediamonitor\/wp-json\/wp\/v2\/tags?post=44002"}],"curies":[{"name":"wp","href":"https:\/\/api.w.org\/{rel}","templated":true}]}}