{"id":44008,"date":"2023-02-14T07:08:14","date_gmt":"2023-02-14T11:08:14","guid":{"rendered":"https:\/\/jms.com.bo\/mediamonitor\/2023\/02\/14\/montenegro-asegura-que-el-bcb-paga-normalmente-por-el-dolar-y-ve-afanes-de-generar-temor\/"},"modified":"2023-02-14T07:08:14","modified_gmt":"2023-02-14T11:08:14","slug":"montenegro-asegura-que-el-bcb-paga-normalmente-por-el-dolar-y-ve-afanes-de-generar-temor","status":"publish","type":"post","link":"https:\/\/jms.com.bo\/mediamonitor\/2023\/02\/14\/montenegro-asegura-que-el-bcb-paga-normalmente-por-el-dolar-y-ve-afanes-de-generar-temor\/","title":{"rendered":"Montenegro asegura que el BCB \u2018paga normalmente\u2019 por el d\u00f3lar y ve afanes de generar temor"},"content":{"rendered":"<p style=\"text-align: justify;\">El ministro de Econom\u00eda, Marcelo Montenegro, asegur\u00f3 este lunes que el Banco Central de Bolivia (BCB) est\u00e1 pagando \u201cnormalmente\u201d por el d\u00f3lar y que hay analistas que buscan generar temor en la poblaci\u00f3n respecto al tipo de cambio.<\/p>\n<p style=\"text-align: justify;\">El Gobierno anunci\u00f3 la semana pasada que el BCB comprar\u00e1 d\u00f3lares a los exportadores a un tipo de cambio competitivo, Bs 6,95. Ese cambio es superior al promedio del sistema financiero.<\/p>\n<p style=\"text-align: justify;\">La noticia gener\u00f3 pol\u00e9mica y analistas econ\u00f3micos calificaron la decisi\u00f3n como una medida desesperada del Gobierno, que provocar\u00e1 una \u201ccacer\u00eda\u201d de d\u00f3lares.<\/p>\n<p style=\"text-align: justify;\">Sin embargo, Montenegro descalific\u00f3 esas afirmaciones. Y asegur\u00f3 que el BCB siempre ha respondido de manera responsable a los requerimientos de divisas.<\/p>\n<p style=\"text-align: justify;\">\u201cEl Banco Central sigue haciendo los pagos normalmente, no entendemos cu\u00e1l es la raz\u00f3n de algunos analistas de observar todo\u201d.<\/p>\n<p style=\"text-align: justify;\">\u201cHay un af\u00e1n de algunos analistas de generar lo que se llama profec\u00edas autocumplidas, generar temor en la poblaci\u00f3n\u201d.<\/p>\n<p style=\"text-align: justify;\">Especulaciones contra el BCB<\/p>\n<p style=\"text-align: justify;\">En criterio del ministro, no existe ninguna raz\u00f3n para generar especulaciones de manera irresponsable.<\/p>\n<p style=\"text-align: justify;\">\u201cEl BCB siempre ha respondido a los requerimientos de las divisas y lo ha hecho de manera responsables, no hay por qu\u00e9 generar especulaci\u00f3n de manera irresponsable\u201d.<\/p>\n<p style=\"text-align: justify;\">El pasado mi\u00e9rcoles, el BCB y el estatal Banco Uni\u00f3n firmaron un acuerdo para que los exportadores privados puedan vender d\u00f3lares a un tipo de cambio competitivo.<\/p>\n<p style=\"text-align: justify;\">El presidente del BCB, Edwin Rojas, inform\u00f3 que est\u00e1 medida tiene el objetivo de incentivar las exportaciones y mejorar el desempe\u00f1o de este sector.<\/p>\n<p style=\"text-align: justify;\">Montenegro, aclar\u00f3 el viernes pasado que la decisi\u00f3n de comprar d\u00f3lares de los exportadores por parte del Banco Centra del Bolivia (BCB) se hizo a solicitud del sector.<\/p>\n<p style=\"text-align: justify;\">\u00abEl Banco Central ha tomado la solicitud que han hecho los exportadores\u00bb.<\/p>\n<p style=\"text-align: justify;\">\u00abNo olvidemos que los exportadores fueron perjudicados 36 d\u00edas en el paro de Santa Cruz\u201d, dijo en esa oportunidad.<\/p>\n","protected":false},"excerpt":{"rendered":"<p>El ministro de Econom\u00eda, Marcelo Montenegro, asegur\u00f3 este lunes que el Banco Central de Bolivia (BCB) est\u00e1 pagando \u201cnormalmente\u201d por el d\u00f3lar y que hay analistas que buscan generar temor en la poblaci\u00f3n respecto al tipo de cambio. El Gobierno anunci\u00f3 la semana pasada que el BCB comprar\u00e1 d\u00f3lares a los exportadores a un tipo [&hellip;]<\/p>\n","protected":false},"author":4,"featured_media":44009,"comment_status":"open","ping_status":"open","sticky":false,"template":"","format":"standard","meta":{"footnotes":""},"categories":[25],"tags":[],"class_list":{"0":"post-44008","1":"post","2":"type-post","3":"status-publish","4":"format-standard","5":"has-post-thumbnail","7":"category-economia"},"_links":{"self":[{"href":"https:\/\/jms.com.bo\/mediamonitor\/wp-json\/wp\/v2\/posts\/44008","targetHints":{"allow":["GET"]}}],"collection":[{"href":"https:\/\/jms.com.bo\/mediamonitor\/wp-json\/wp\/v2\/posts"}],"about":[{"href":"https:\/\/jms.com.bo\/mediamonitor\/wp-json\/wp\/v2\/types\/post"}],"author":[{"embeddable":true,"href":"https:\/\/jms.com.bo\/mediamonitor\/wp-json\/wp\/v2\/users\/4"}],"replies":[{"embeddable":true,"href":"https:\/\/jms.com.bo\/mediamonitor\/wp-json\/wp\/v2\/comments?post=44008"}],"version-history":[{"count":0,"href":"https:\/\/jms.com.bo\/mediamonitor\/wp-json\/wp\/v2\/posts\/44008\/revisions"}],"wp:featuredmedia":[{"embeddable":true,"href":"https:\/\/jms.com.bo\/mediamonitor\/wp-json\/wp\/v2\/media\/44009"}],"wp:attachment":[{"href":"https:\/\/jms.com.bo\/mediamonitor\/wp-json\/wp\/v2\/media?parent=44008"}],"wp:term":[{"taxonomy":"category","embeddable":true,"href":"https:\/\/jms.com.bo\/mediamonitor\/wp-json\/wp\/v2\/categories?post=44008"},{"taxonomy":"post_tag","embeddable":true,"href":"https:\/\/jms.com.bo\/mediamonitor\/wp-json\/wp\/v2\/tags?post=44008"}],"curies":[{"name":"wp","href":"https:\/\/api.w.org\/{rel}","templated":true}]}}