{"id":44014,"date":"2023-02-14T07:12:59","date_gmt":"2023-02-14T11:12:59","guid":{"rendered":"https:\/\/jms.com.bo\/mediamonitor\/2023\/02\/14\/una-falla-deja-sin-electricidad-a-cerca-de-la-mitad-de-cuba\/"},"modified":"2023-02-14T07:12:59","modified_gmt":"2023-02-14T11:12:59","slug":"una-falla-deja-sin-electricidad-a-cerca-de-la-mitad-de-cuba","status":"publish","type":"post","link":"https:\/\/jms.com.bo\/mediamonitor\/2023\/02\/14\/una-falla-deja-sin-electricidad-a-cerca-de-la-mitad-de-cuba\/","title":{"rendered":"Una \u00abfalla\u00bb deja sin electricidad a cerca de la mitad de Cuba"},"content":{"rendered":"<p style=\"text-align: justify;\">Una \u00abfalla\u00bb en l\u00edneas de alta tensi\u00f3n de 220 kilovoltios (KV) en Cuba dej\u00f3 este lunes al centro y el este de la isla sin suministro el\u00e9ctrico, inform\u00f3 la Presidencia a trav\u00e9s de Twitter.<\/p>\n<p style=\"text-align: justify;\">De acuerdo con la empresa estatal Uni\u00f3n El\u00e9ctrica (UNE), 7 de las 15 provincias de Cuba est\u00e1n sin corriente desde pasado el mediod\u00eda: de la central Ciego de \u00c1vila a las orientales Camag\u00fcey, Las Tunas, Granma, Holgu\u00edn, Santiago de Cuba y Guant\u00e1namo.<\/p>\n<p style=\"text-align: justify;\">El Ministerio de Energ\u00eda y Minas confirm\u00f3 en redes sociales que la causa del siniestro \u00abfue el incendio en un ca\u00f1averal de la zona\u00bb, como hab\u00eda apuntado como hip\u00f3tesis poco antes el titular de esta cartera, Vicente de la O Levy.<\/p>\n<p style=\"text-align: justify;\">Indic\u00f3 asimismo que \u00abse trabaja en el restablecimiento del sistema\u00bb, que \u00abdemorar\u00e1 entre 4 y 5 horas\u00bb.<\/p>\n<p style=\"text-align: justify;\">La \u00abfalla en la red\u00bb, seg\u00fan lo calific\u00f3 la UNE, ocurri\u00f3 entre Sancti Sp\u00edritus y el municipio de Nuevitas (Camag\u00fcey).<\/p>\n<p style=\"text-align: justify;\">Este corte en el suministro es uno de los mayores desde el pasado 27 de septiembre, cuando se alcanz\u00f3 un momento de \u00abcero generaci\u00f3n\u00bb el\u00e9ctrica tras el paso por el occidente de la isla del hurac\u00e1n Ian, con fuerza 3 sobre 5 en la escala Saffir-Simpson. La isla qued\u00f3 completamente a oscuras.<\/p>\n<p style=\"text-align: justify;\">Desde entonces, los apagones han disminuido de forma notable, especialmente desde la segunda quincena de diciembre, y se han mantenido a niveles menores en las primeras semanas de 2023, con afectaciones por debajo del 10 % en horario de m\u00e1xima demanda.<\/p>\n<p style=\"text-align: justify;\">\nEl sistema energ\u00e9tico cubano se encuentra en una situaci\u00f3n precaria, como se evidenci\u00f3 el a\u00f1o pasado, cuando los apagones eran diarios y prolongados, de hasta 12 horas al d\u00eda en algunas regiones. Las afectaciones llegaron en ocasiones a casi el 40 % del pa\u00eds.<\/p>\n<p style=\"text-align: justify;\">Entre las causas de esta situaci\u00f3n se encuentra la antig\u00fcedad de las 8 plantas termoel\u00e9ctricas terrestres del pa\u00eds -con un promedio de m\u00e1s de 40 a\u00f1os en uso-, el d\u00e9ficit de inversiones en el sistema energ\u00e9tico nacional y la falta de combustible para las centrales.<\/p>\n<p style=\"text-align: justify;\">La situaci\u00f3n se ha exacerbado en los \u00faltimos a\u00f1os por la grave crisis econ\u00f3mica que atraviesa el pa\u00eds por la confluencia de la pandemia, el endurecimiento de las sanciones de EE.UU. y los errores en la pol\u00edtica monetaria nacional.<\/p>\n<p style=\"text-align: justify;\">Los apagones tienen un importante costo econ\u00f3mico, como ha reconocido el Gobierno cubano, y tambi\u00e9n generan descontento social, como se evidenci\u00f3 el a\u00f1o pasado.<\/p>\n<p style=\"text-align: justify;\">Despu\u00e9s del hurac\u00e1n Ian se produjo en Cuba -y especialmente en La Habana- el mayor n\u00famero de protestas del a\u00f1o pasado, todas ellas espont\u00e1neas, menores y de car\u00e1cter pac\u00edfico.<\/p>\n","protected":false},"excerpt":{"rendered":"<p>Una \u00abfalla\u00bb en l\u00edneas de alta tensi\u00f3n de 220 kilovoltios (KV) en Cuba dej\u00f3 este lunes al centro y el este de la isla sin suministro el\u00e9ctrico, inform\u00f3 la Presidencia a trav\u00e9s de Twitter. De acuerdo con la empresa estatal Uni\u00f3n El\u00e9ctrica (UNE), 7 de las 15 provincias de Cuba est\u00e1n sin corriente desde pasado [&hellip;]<\/p>\n","protected":false},"author":4,"featured_media":44015,"comment_status":"open","ping_status":"open","sticky":false,"template":"","format":"standard","meta":{"footnotes":""},"categories":[39],"tags":[],"class_list":{"0":"post-44014","1":"post","2":"type-post","3":"status-publish","4":"format-standard","5":"has-post-thumbnail","7":"category-energia"},"_links":{"self":[{"href":"https:\/\/jms.com.bo\/mediamonitor\/wp-json\/wp\/v2\/posts\/44014","targetHints":{"allow":["GET"]}}],"collection":[{"href":"https:\/\/jms.com.bo\/mediamonitor\/wp-json\/wp\/v2\/posts"}],"about":[{"href":"https:\/\/jms.com.bo\/mediamonitor\/wp-json\/wp\/v2\/types\/post"}],"author":[{"embeddable":true,"href":"https:\/\/jms.com.bo\/mediamonitor\/wp-json\/wp\/v2\/users\/4"}],"replies":[{"embeddable":true,"href":"https:\/\/jms.com.bo\/mediamonitor\/wp-json\/wp\/v2\/comments?post=44014"}],"version-history":[{"count":0,"href":"https:\/\/jms.com.bo\/mediamonitor\/wp-json\/wp\/v2\/posts\/44014\/revisions"}],"wp:featuredmedia":[{"embeddable":true,"href":"https:\/\/jms.com.bo\/mediamonitor\/wp-json\/wp\/v2\/media\/44015"}],"wp:attachment":[{"href":"https:\/\/jms.com.bo\/mediamonitor\/wp-json\/wp\/v2\/media?parent=44014"}],"wp:term":[{"taxonomy":"category","embeddable":true,"href":"https:\/\/jms.com.bo\/mediamonitor\/wp-json\/wp\/v2\/categories?post=44014"},{"taxonomy":"post_tag","embeddable":true,"href":"https:\/\/jms.com.bo\/mediamonitor\/wp-json\/wp\/v2\/tags?post=44014"}],"curies":[{"name":"wp","href":"https:\/\/api.w.org\/{rel}","templated":true}]}}