{"id":44023,"date":"2023-02-14T07:23:48","date_gmt":"2023-02-14T11:23:48","guid":{"rendered":"https:\/\/jms.com.bo\/mediamonitor\/2023\/02\/14\/ypfb-preve-concretar-10-proyectos-de-exploracion-y-desarrollo-de-campos-petroleros-con-feria-de-proveedores\/"},"modified":"2023-02-14T07:23:48","modified_gmt":"2023-02-14T11:23:48","slug":"ypfb-preve-concretar-10-proyectos-de-exploracion-y-desarrollo-de-campos-petroleros-con-feria-de-proveedores","status":"publish","type":"post","link":"https:\/\/jms.com.bo\/mediamonitor\/2023\/02\/14\/ypfb-preve-concretar-10-proyectos-de-exploracion-y-desarrollo-de-campos-petroleros-con-feria-de-proveedores\/","title":{"rendered":"YPFB prev\u00e9 concretar 10 proyectos de exploraci\u00f3n y desarrollo de campos petroleros con feria de proveedores"},"content":{"rendered":"<p style=\"text-align: justify;\">El \u201cEncuentro de Proveedores\u201d y eventos similares de Yacimientos Petrol\u00edferos Fiscales Bolivianos (YPFB) permitir\u00e1 a la petrolera estatal impulsar hasta fines de este a\u00f1o al menos una decena de proyectos de exploraci\u00f3n hidrocarbur\u00edfera y desarrollo de campos petroleros, afirm\u00f3 el presidente de la corporaci\u00f3n, Armin Dorgathen.\u200b<\/p>\n<p style=\"text-align: justify;\">\u201cTratamos de dinamizar\u201d este objetivo \u201ccon este tipo de eventos y ferias\u201d, afirm\u00f3 el ejecutivo, antes de precisar que en la actual feria se busca cerrar contratos por $us 350 millones.<\/p>\n<p style=\"text-align: justify;\">El Encuentro con Proveedores de la Feria de Contrataciones de Bienes y Servicios \u201cPuertas Abiertas\u201d se inici\u00f3 hoy lunes en Santa Cruz y se extender\u00e1 hasta el mi\u00e9rcoles 15 de febrero.<\/p>\n<p style=\"text-align: justify;\">\u201cEntendemos la necesidad que tenemos de realizar inversiones, especialmente en lo que es exploraci\u00f3n y desarrollo de campos, para poder incrementar la producci\u00f3n. Ese es uno de nuestros principales desaf\u00edos y es en lo que tenemos m\u00e1s del 50% de las inversiones este a\u00f1o\u201d, dijo Dorgathen.<\/p>\n<p style=\"text-align: justify;\">\n","protected":false},"excerpt":{"rendered":"<p>El \u201cEncuentro de Proveedores\u201d y eventos similares de Yacimientos Petrol\u00edferos Fiscales Bolivianos (YPFB) permitir\u00e1 a la petrolera estatal impulsar hasta fines de este a\u00f1o al menos una decena de proyectos de exploraci\u00f3n hidrocarbur\u00edfera y desarrollo de campos petroleros, afirm\u00f3 el presidente de la corporaci\u00f3n, Armin Dorgathen.\u200b \u201cTratamos de dinamizar\u201d este objetivo \u201ccon este tipo de [&hellip;]<\/p>\n","protected":false},"author":4,"featured_media":44024,"comment_status":"open","ping_status":"open","sticky":false,"template":"","format":"standard","meta":{"footnotes":""},"categories":[40,23,48,43],"tags":[],"class_list":{"0":"post-44023","1":"post","2":"type-post","3":"status-publish","4":"format-standard","5":"has-post-thumbnail","7":"category-bolivia","8":"category-hidrocarburos","9":"category-portada-general-sitio","10":"category-portada-oil-gas"},"_links":{"self":[{"href":"https:\/\/jms.com.bo\/mediamonitor\/wp-json\/wp\/v2\/posts\/44023","targetHints":{"allow":["GET"]}}],"collection":[{"href":"https:\/\/jms.com.bo\/mediamonitor\/wp-json\/wp\/v2\/posts"}],"about":[{"href":"https:\/\/jms.com.bo\/mediamonitor\/wp-json\/wp\/v2\/types\/post"}],"author":[{"embeddable":true,"href":"https:\/\/jms.com.bo\/mediamonitor\/wp-json\/wp\/v2\/users\/4"}],"replies":[{"embeddable":true,"href":"https:\/\/jms.com.bo\/mediamonitor\/wp-json\/wp\/v2\/comments?post=44023"}],"version-history":[{"count":0,"href":"https:\/\/jms.com.bo\/mediamonitor\/wp-json\/wp\/v2\/posts\/44023\/revisions"}],"wp:featuredmedia":[{"embeddable":true,"href":"https:\/\/jms.com.bo\/mediamonitor\/wp-json\/wp\/v2\/media\/44024"}],"wp:attachment":[{"href":"https:\/\/jms.com.bo\/mediamonitor\/wp-json\/wp\/v2\/media?parent=44023"}],"wp:term":[{"taxonomy":"category","embeddable":true,"href":"https:\/\/jms.com.bo\/mediamonitor\/wp-json\/wp\/v2\/categories?post=44023"},{"taxonomy":"post_tag","embeddable":true,"href":"https:\/\/jms.com.bo\/mediamonitor\/wp-json\/wp\/v2\/tags?post=44023"}],"curies":[{"name":"wp","href":"https:\/\/api.w.org\/{rel}","templated":true}]}}