{"id":44075,"date":"2023-02-15T06:34:34","date_gmt":"2023-02-15T10:34:34","guid":{"rendered":"https:\/\/jms.com.bo\/mediamonitor\/2023\/02\/15\/dengue-3-bebes-mueren-por-atencion-tardia-debido-al-colapso-hospitalario\/"},"modified":"2023-02-15T06:34:34","modified_gmt":"2023-02-15T10:34:34","slug":"dengue-3-bebes-mueren-por-atencion-tardia-debido-al-colapso-hospitalario","status":"publish","type":"post","link":"https:\/\/jms.com.bo\/mediamonitor\/2023\/02\/15\/dengue-3-bebes-mueren-por-atencion-tardia-debido-al-colapso-hospitalario\/","title":{"rendered":"Dengue: 3 beb\u00e9s mueren por atenci\u00f3n tard\u00eda debido al colapso hospitalario"},"content":{"rendered":"<p style=\"text-align: justify;\">En menos de un d\u00eda, tres beb\u00e9s de uno a cinco meses fallecieron con s\u00edntomas de dengue en Santa Cruz. En todos los casos, sus padres peregrinaron por ayuda desde el fin de semana y pidieron su internaci\u00f3n, pero los regresaron a sus casas con Paracetamol o alg\u00fan remedio. El Hospital del Ni\u00f1o cruce\u00f1o reconoci\u00f3 que la cantidad de pacientes \u201csobrepas\u00f3\u201d su capacidad de respuesta.<\/p>\n<p style=\"text-align: justify;\">\u201cLlegu\u00e9 al Hospital del Ni\u00f1o con mi beb\u00e9 de seis meses y no me quisieron atender. Les rogu\u00e9 y nada, rogu\u00e9 por una hora y media y nada. Hab\u00eda muchos pacientes \u201c, declar\u00f3 Eloy Gaspar, el padre del beb\u00e9 que falleci\u00f3 el lunes en la tarde. El peque\u00f1o comenz\u00f3 a sentirse mal el fin de semana y sus padres lo llevaron a una cl\u00ednica el s\u00e1bado, en el lugar le prescribieron Paracetamol para la fiebre de 38 grados.<\/p>\n<p style=\"text-align: justify;\">\u201cTen\u00eda fiebre, no bajaba y fuimos al Hospital del Ni\u00f1o. Ingres\u00f3 como emergencia para que lo vean r\u00e1pido, pero no recibi\u00f3 atenci\u00f3n. (Mi hijo) era un beb\u00e9 que no sab\u00eda lo que le pasaba, s\u00f3lo lloraba, no era un ni\u00f1o (grande) que te avisa qu\u00e9 le duele\u201d, dijo.<\/p>\n<p style=\"text-align: justify;\">Eduardo, el padre del segundo menor de edad que perdi\u00f3 la vida el lunes en la noche, cont\u00f3 que su esposa llev\u00f3 el domingo a su hija de un mes de vida al centro municipal Vida y Esperanza. \u201cSe sent\u00eda muy mal. Ten\u00eda fiebre. Mi esposa pidi\u00f3 que fuera internada porque estaba muy mal. La doctora que estaba de turno le dijo que no hab\u00eda espacio, le pidi\u00f3 llevar a la ni\u00f1a a otro hospital, pero no hizo nada. Ni llam\u00f3 para ver si hab\u00eda campo en otro hospital para que sea internada\u201d, relat\u00f3.<\/p>\n<p style=\"text-align: justify;\">La temperatura de la ni\u00f1a no descend\u00eda y ante la emergencia la llevaron al Hospital Municipal Los Pocitos, pero en el trayecto la beb\u00e9 falleci\u00f3. \u201cLe dio un derrame cerebral por la fiebre y los s\u00edntomas del dengue\u201d, dijo.<\/p>\n<p style=\"text-align: justify;\">La familia lleg\u00f3 a Santa Cruz hace un mes para dar mejores condiciones a su beb\u00e9. Ahora necesita ayuda para regresar a su tierra y transportar el cuerpo.<\/p>\n<p style=\"text-align: justify;\">El tercer caso se produjo ayer a las 6:00 en el Hospital de la Pampa de la Isla. Una menor de cinco meses perdi\u00f3 la vida tras padecer por la fiebre.<\/p>\n<p style=\"text-align: justify;\">Las familias de los tres menores esperan los estudios de laboratorio para confirmar o descartar si el deceso se produjo a causa del dengue. De confirmarse se sumar\u00edan 15 v\u00edctimas en Santa Cruz y 21 a nivel nacional.<\/p>\n<p style=\"text-align: justify;\">En conferencia de prensa, una de las enfermeras del Hospital del Ni\u00f1o cruce\u00f1o reconoci\u00f3 que fueron \u201csobrepasados\u201d en su capacidad de atenci\u00f3n. \u201cNos han rebasado los pacientes, en especial los graves. Al tercer nivel llegan los pacientes que realmente necesitan camas de terapia intensiva y los espacios no crecieron. Seguimos con el mismo nivel de camas, pese a que por el covid se instalaron nuevas\u201d.<\/p>\n<p style=\"text-align: justify;\">Inform\u00f3 que las 12 camas de terapia intensiva est\u00e1n ocupadas. \u201cTenemos pacientes en reanimaci\u00f3n, ayer (martes) ten\u00edamos 10 enfermos cr\u00edticos y la situaci\u00f3n no da para revisar a los 10. Quer\u00eda revisar a un paciente que ya estaba internado y llegaba otro de mayor gravedad. Los ni\u00f1os llegan con epistaxis (hemorragia nasal) y sangrando. Se deben hacer las \u00f3rdenes, llenar las fichas epidemiol\u00f3gicas y tomar los signos vitales. No alcanzan las manos\u201d, sostuvo.<\/p>\n<p style=\"text-align: justify;\">La enfermera dijo que se necesita fortalecer los primeros niveles de atenci\u00f3n y no s\u00f3lo con m\u00e9dicos, sino con laboratorios. Esto se debe hacer no s\u00f3lo en la ciudad de Santa Cruz, sino en los municipios de provincia. \u201cHay pacientes que llegan desde Porongo (que se encuentra a 40 kil\u00f3metros de la capital). La situaci\u00f3n es de responsabilidad de los tres niveles\u201d, afirm\u00f3.<\/p>\n<p style=\"text-align: justify;\">La demanda<\/p>\n<p style=\"text-align: justify;\">Atenci\u00f3n El subdirector del Hospital del Ni\u00f1o de Santa Cruz, Jorge Mendhi, declar\u00f3 que la atenci\u00f3n se desarrolla \u201ccon todo el personal\u201d que tiene el nosocomio, pero reconoci\u00f3 que ya fueron \u201csobrepasados por la cantidad de pacientes que llegan\u201d.<\/p>\n<p style=\"text-align: justify;\">Declaraci\u00f3n \u201cNo es que no estemos atendiendo. Estamos poniendo m\u00e1s m\u00e9dicos en Emergencia en los turnos de la ma\u00f1ana y tarde porque estamos con una casu\u00edstica muy importante de dengue. Pedimos a la poblaci\u00f3n controlar sus espacios libres y fumigar porque este problema no acaba, reci\u00e9n est\u00e1 empezando\u201d, dijo.<\/p>\n<p style=\"text-align: justify;\">\n","protected":false},"excerpt":{"rendered":"<p>En menos de un d\u00eda, tres beb\u00e9s de uno a cinco meses fallecieron con s\u00edntomas de dengue en Santa Cruz. En todos los casos, sus padres peregrinaron por ayuda desde el fin de semana y pidieron su internaci\u00f3n, pero los regresaron a sus casas con Paracetamol o alg\u00fan remedio. El Hospital del Ni\u00f1o cruce\u00f1o reconoci\u00f3 [&hellip;]<\/p>\n","protected":false},"author":4,"featured_media":44076,"comment_status":"open","ping_status":"open","sticky":false,"template":"","format":"standard","meta":{"footnotes":""},"categories":[53],"tags":[],"class_list":{"0":"post-44075","1":"post","2":"type-post","3":"status-publish","4":"format-standard","5":"has-post-thumbnail","7":"category-salud"},"_links":{"self":[{"href":"https:\/\/jms.com.bo\/mediamonitor\/wp-json\/wp\/v2\/posts\/44075","targetHints":{"allow":["GET"]}}],"collection":[{"href":"https:\/\/jms.com.bo\/mediamonitor\/wp-json\/wp\/v2\/posts"}],"about":[{"href":"https:\/\/jms.com.bo\/mediamonitor\/wp-json\/wp\/v2\/types\/post"}],"author":[{"embeddable":true,"href":"https:\/\/jms.com.bo\/mediamonitor\/wp-json\/wp\/v2\/users\/4"}],"replies":[{"embeddable":true,"href":"https:\/\/jms.com.bo\/mediamonitor\/wp-json\/wp\/v2\/comments?post=44075"}],"version-history":[{"count":0,"href":"https:\/\/jms.com.bo\/mediamonitor\/wp-json\/wp\/v2\/posts\/44075\/revisions"}],"wp:featuredmedia":[{"embeddable":true,"href":"https:\/\/jms.com.bo\/mediamonitor\/wp-json\/wp\/v2\/media\/44076"}],"wp:attachment":[{"href":"https:\/\/jms.com.bo\/mediamonitor\/wp-json\/wp\/v2\/media?parent=44075"}],"wp:term":[{"taxonomy":"category","embeddable":true,"href":"https:\/\/jms.com.bo\/mediamonitor\/wp-json\/wp\/v2\/categories?post=44075"},{"taxonomy":"post_tag","embeddable":true,"href":"https:\/\/jms.com.bo\/mediamonitor\/wp-json\/wp\/v2\/tags?post=44075"}],"curies":[{"name":"wp","href":"https:\/\/api.w.org\/{rel}","templated":true}]}}