{"id":44077,"date":"2023-02-15T06:36:17","date_gmt":"2023-02-15T10:36:17","guid":{"rendered":"https:\/\/jms.com.bo\/mediamonitor\/2023\/02\/15\/cacao-boliviano-seleccionado-competira-en-el-mundial-de-paris\/"},"modified":"2023-02-15T06:36:17","modified_gmt":"2023-02-15T10:36:17","slug":"cacao-boliviano-seleccionado-competira-en-el-mundial-de-paris","status":"publish","type":"post","link":"https:\/\/jms.com.bo\/mediamonitor\/2023\/02\/15\/cacao-boliviano-seleccionado-competira-en-el-mundial-de-paris\/","title":{"rendered":"Cacao boliviano seleccionado competir\u00e1 en el mundial de Par\u00eds"},"content":{"rendered":"<p style=\"text-align: justify;\">Los ministerios de Relaciones Exteriores y de Desarrollo Rural publicaron este martes la convocatoria nacional para seleccionar a los seis mejores granos de cacao boliviano y enviarlos al torneo mundial en Francia, Paris.<\/p>\n<p style=\"text-align: justify;\">La convocatoria denominada \u201cSal\u00f3n del Cacao y Chocolate Bolivia 2023\u201d fue lanzada por el ministro de Relaciones Exteriores, Rogelio Mayta, y el director ejecutivo de la Instituci\u00f3n P\u00fablica Desconcentrada Soberan\u00eda Alimentaria (IPDS), Hugo Janco.<\/p>\n<p style=\"text-align: justify;\">En la oportunidad, el ministro Mayta destac\u00f3 que, en 2021, productores de cacao de Beni y Cochabamba ganaron las medallas de Oro y Plata en la competencia internacional \u2018Cocoa of Excellence-Paris\u2019.<\/p>\n<p style=\"text-align: justify;\">\u201cEste a\u00f1o tenemos un reto complicad\u00edsimo para poder mantener ese primer lugar, esa medalla de Oro; ese segundo lugar, esa medalla de Plata. Es complejo pero nuestros productores est\u00e1n a la altura de ese reto y han estado trabajando intensamente para que este a\u00f1o con la venia y el favor de nuestra Pachamama tengamos productos de excelencia\u201d, resalt\u00f3.<\/p>\n<p style=\"text-align: justify;\">Seg\u00fan el cronograma, desde este martes 14 de febrero hasta el 16 de marzo se identificar\u00e1 a los productores y recolectores de cacao participantes de la convocatoria. Del 17 al 19 del pr\u00f3ximo mes se recibir\u00e1 las muestras de grano bajo normativa y reglamento.<\/p>\n<p style=\"text-align: justify;\">El 20 de marzo se har\u00e1 la selecci\u00f3n y codificaci\u00f3n de muestras para el proceso de evaluaci\u00f3n f\u00edsica y sensorial. El 22 de marzo est\u00e1 programado el tostado, descarrillado, molido y elaboraci\u00f3n del licor de cacao al 100%.<\/p>\n<p style=\"text-align: justify;\">El 24 de marzo ser\u00e1 la premiaci\u00f3n a los ganadores de los mejores granos de cacao boliviano. El 28 se enviar\u00e1 a Canciller\u00eda seis muestras embaladas y etiquetadas\u201d. Y el 31 se despachar\u00e1 las mismas al torneo internacional.<\/p>\n<p style=\"text-align: justify;\">\u201cEste es el lanzamiento oficial que estamos realizando en este evento tan importante para que vayan las mejores seis muestras a este concurso internacional en Paris, Francia y que como productores de cacao demostremos esa calidad de productos que tenemos en el pa\u00eds\u201d, a\u00f1adi\u00f3 el director de la IPDS.<\/p>\n<p style=\"text-align: justify;\">El ejecutivo de esa entidad explic\u00f3 que con esa convocatoria el objetivo del Gobierno es promocionar la calidad del cacao boliviano y ponerlo en competencia en el concurso mundial que se lleva a cabo cada dos gestiones.<\/p>\n<p style=\"text-align: justify;\">\u201cDesde la gesti\u00f3n 2019 tenemos datos interesantes de que nuestro producto es de calidad a nivel internacional y creo que la Instituci\u00f3n P\u00fablica Desconcentrada y Soberan\u00eda Alimentaria ha estado fortaleciendo en ese sentido a nuestros peque\u00f1os productores de cacao\u201d, afirm\u00f3.<\/p>\n<p style=\"text-align: justify;\">En Bolivia el consumo per c\u00e1pita de cacao es de al menos 1,1 kilogramos \u201cdato bajo\u201d; sin embargo, se trabaja en este tipo de pol\u00edticas para fortalecer la producci\u00f3n y mayor demanda de este importante alimento.<\/p>\n","protected":false},"excerpt":{"rendered":"<p>Los ministerios de Relaciones Exteriores y de Desarrollo Rural publicaron este martes la convocatoria nacional para seleccionar a los seis mejores granos de cacao boliviano y enviarlos al torneo mundial en Francia, Paris. La convocatoria denominada \u201cSal\u00f3n del Cacao y Chocolate Bolivia 2023\u201d fue lanzada por el ministro de Relaciones Exteriores, Rogelio Mayta, y el [&hellip;]<\/p>\n","protected":false},"author":4,"featured_media":44078,"comment_status":"open","ping_status":"open","sticky":false,"template":"","format":"standard","meta":{"footnotes":""},"categories":[52],"tags":[],"class_list":{"0":"post-44077","1":"post","2":"type-post","3":"status-publish","4":"format-standard","5":"has-post-thumbnail","7":"category-alimentos-agroindustria"},"_links":{"self":[{"href":"https:\/\/jms.com.bo\/mediamonitor\/wp-json\/wp\/v2\/posts\/44077","targetHints":{"allow":["GET"]}}],"collection":[{"href":"https:\/\/jms.com.bo\/mediamonitor\/wp-json\/wp\/v2\/posts"}],"about":[{"href":"https:\/\/jms.com.bo\/mediamonitor\/wp-json\/wp\/v2\/types\/post"}],"author":[{"embeddable":true,"href":"https:\/\/jms.com.bo\/mediamonitor\/wp-json\/wp\/v2\/users\/4"}],"replies":[{"embeddable":true,"href":"https:\/\/jms.com.bo\/mediamonitor\/wp-json\/wp\/v2\/comments?post=44077"}],"version-history":[{"count":0,"href":"https:\/\/jms.com.bo\/mediamonitor\/wp-json\/wp\/v2\/posts\/44077\/revisions"}],"wp:featuredmedia":[{"embeddable":true,"href":"https:\/\/jms.com.bo\/mediamonitor\/wp-json\/wp\/v2\/media\/44078"}],"wp:attachment":[{"href":"https:\/\/jms.com.bo\/mediamonitor\/wp-json\/wp\/v2\/media?parent=44077"}],"wp:term":[{"taxonomy":"category","embeddable":true,"href":"https:\/\/jms.com.bo\/mediamonitor\/wp-json\/wp\/v2\/categories?post=44077"},{"taxonomy":"post_tag","embeddable":true,"href":"https:\/\/jms.com.bo\/mediamonitor\/wp-json\/wp\/v2\/tags?post=44077"}],"curies":[{"name":"wp","href":"https:\/\/api.w.org\/{rel}","templated":true}]}}