{"id":44079,"date":"2023-02-15T06:37:38","date_gmt":"2023-02-15T10:37:38","guid":{"rendered":"https:\/\/jms.com.bo\/mediamonitor\/2023\/02\/15\/el-alto-defensa-del-consumidor-impulsa-la-venta-de-hortalizas-del-sur-de-bolivia-a-precio-justo\/"},"modified":"2023-02-15T06:37:38","modified_gmt":"2023-02-15T10:37:38","slug":"el-alto-defensa-del-consumidor-impulsa-la-venta-de-hortalizas-del-sur-de-bolivia-a-precio-justo","status":"publish","type":"post","link":"https:\/\/jms.com.bo\/mediamonitor\/2023\/02\/15\/el-alto-defensa-del-consumidor-impulsa-la-venta-de-hortalizas-del-sur-de-bolivia-a-precio-justo\/","title":{"rendered":"El Alto: Defensa del Consumidor impulsa la venta de hortalizas del sur de Bolivia a precio justo"},"content":{"rendered":"<p style=\"text-align: justify;\">El Viceministerio de Defensa de los Derechos del Usuario y Consumidor impulsa la venta de hortalizas a precio justo en la ciudad de El Alto y gestiona un espacio para la instalaci\u00f3n de ferias provisionales de productores del sur de Bolivia.<\/p>\n<p style=\"text-align: justify;\">El viceministro Jorge Silva inform\u00f3 que la iniciativa es parte de las gestiones orientadas a proteger la producci\u00f3n nacional y la econom\u00eda de los productores y consumidores, quienes se ven afectados en su econom\u00eda por el incremento de precios de la canasta familiar.<\/p>\n<p style=\"text-align: justify;\">\u201cEstamos gestionando con los municipios actividades a fin de proteger a los productores y consumidores en su derecho de acceder a un producto a precio justo\u201d, explic\u00f3.<\/p>\n<p style=\"text-align: justify;\">En ese sentido, anunci\u00f3 que se coordina con el municipio de El Alto la realizaci\u00f3n de 14 ferias distritales.<\/p>\n<p style=\"text-align: justify;\">Los productores del sur boliviano solicitan un asentamiento provisional para comercializar sus productos al consumidor final.<\/p>\n<p style=\"text-align: justify;\">El director de Ferias y Mercados de la alcald\u00eda alte\u00f1a, Eduardo L\u00f3pez, explic\u00f3 que la propuesta debe ser socializada con otros comerciantes legalmente asentados y \u201ctambi\u00e9n hablar con el sector vecinal para que no se generen conflictos\u201d.<\/p>\n<p style=\"text-align: justify;\">El asentamiento contemplar\u00e1 la instalaci\u00f3n de ferias provisionales en distintas zonas y seg\u00fan un cronograma establecido por el gobierno municipal.<\/p>\n<p style=\"text-align: justify;\">Por su parte, la representante de la Asociaci\u00f3n de Productores de Hortalizas de los Valles del Sur (Aprovasur), Silvia Rodr\u00edguez, explic\u00f3 que el objetivo de instalar ferias provisionales es para que los productores puedan llegar de forma directa al consumidor final y evitar sobreprecios en la venta de hortalizas.<\/p>\n<p style=\"text-align: justify;\">\u00abBuscamos encontrarnos con el consumidor final, para que tengan el precio justo\u00bb, manifest\u00f3.<\/p>\n<p style=\"text-align: justify;\">La Aprovasur est\u00e1 formada por productores de seis municipios, dos de Tarija, El Puente y Yunchar\u00e1; tres de Chuquisaca, Culpina, Villa Avecia y Las Carreras; y el municipio de Tupiza, Potos\u00ed, los cuales tienen una capacidad de producci\u00f3n de 1.600.000 quintales.<\/p>\n","protected":false},"excerpt":{"rendered":"<p>El Viceministerio de Defensa de los Derechos del Usuario y Consumidor impulsa la venta de hortalizas a precio justo en la ciudad de El Alto y gestiona un espacio para la instalaci\u00f3n de ferias provisionales de productores del sur de Bolivia. El viceministro Jorge Silva inform\u00f3 que la iniciativa es parte de las gestiones orientadas [&hellip;]<\/p>\n","protected":false},"author":4,"featured_media":44080,"comment_status":"open","ping_status":"open","sticky":false,"template":"","format":"standard","meta":{"footnotes":""},"categories":[52],"tags":[],"class_list":{"0":"post-44079","1":"post","2":"type-post","3":"status-publish","4":"format-standard","5":"has-post-thumbnail","7":"category-alimentos-agroindustria"},"_links":{"self":[{"href":"https:\/\/jms.com.bo\/mediamonitor\/wp-json\/wp\/v2\/posts\/44079","targetHints":{"allow":["GET"]}}],"collection":[{"href":"https:\/\/jms.com.bo\/mediamonitor\/wp-json\/wp\/v2\/posts"}],"about":[{"href":"https:\/\/jms.com.bo\/mediamonitor\/wp-json\/wp\/v2\/types\/post"}],"author":[{"embeddable":true,"href":"https:\/\/jms.com.bo\/mediamonitor\/wp-json\/wp\/v2\/users\/4"}],"replies":[{"embeddable":true,"href":"https:\/\/jms.com.bo\/mediamonitor\/wp-json\/wp\/v2\/comments?post=44079"}],"version-history":[{"count":0,"href":"https:\/\/jms.com.bo\/mediamonitor\/wp-json\/wp\/v2\/posts\/44079\/revisions"}],"wp:featuredmedia":[{"embeddable":true,"href":"https:\/\/jms.com.bo\/mediamonitor\/wp-json\/wp\/v2\/media\/44080"}],"wp:attachment":[{"href":"https:\/\/jms.com.bo\/mediamonitor\/wp-json\/wp\/v2\/media?parent=44079"}],"wp:term":[{"taxonomy":"category","embeddable":true,"href":"https:\/\/jms.com.bo\/mediamonitor\/wp-json\/wp\/v2\/categories?post=44079"},{"taxonomy":"post_tag","embeddable":true,"href":"https:\/\/jms.com.bo\/mediamonitor\/wp-json\/wp\/v2\/tags?post=44079"}],"curies":[{"name":"wp","href":"https:\/\/api.w.org\/{rel}","templated":true}]}}