{"id":44081,"date":"2023-02-15T06:38:55","date_gmt":"2023-02-15T10:38:55","guid":{"rendered":"https:\/\/jms.com.bo\/mediamonitor\/2023\/02\/15\/anapo-pide-garantias-para-la-produccion-de-alimentos-ante-nueva-toma-violenta\/"},"modified":"2023-02-15T06:38:55","modified_gmt":"2023-02-15T10:38:55","slug":"anapo-pide-garantias-para-la-produccion-de-alimentos-ante-nueva-toma-violenta","status":"publish","type":"post","link":"https:\/\/jms.com.bo\/mediamonitor\/2023\/02\/15\/anapo-pide-garantias-para-la-produccion-de-alimentos-ante-nueva-toma-violenta\/","title":{"rendered":"Anapo pide garant\u00edas para la producci\u00f3n de alimentos ante nueva toma violenta"},"content":{"rendered":"<p style=\"text-align: justify;\">La Asociaci\u00f3n de Productores de Oleaginosas y Trigo (Anapo) exigi\u00f3 garant\u00edas para la producci\u00f3n de alimentos ante la nueva toma violenta del predio de Santagro. Marcelo Aguilera, abogado apoderado del predio inform\u00f3 este martes en conferencia de prensa que la ma\u00f1ana del lunes 13 de febrero, un grupo violento de invasores tom\u00f3 nuevamente terrenos productivos del predio Santagro pese a que este contaba con resguardo de 35 efectivos policiales.<\/p>\n<p style=\"text-align: justify;\">El hecho se da una semana despu\u00e9s de que se realiz\u00f3 un operativo policial que logr\u00f3 el desaloj\u00f3 de los invasores de tierras. \u201cEste grupo de m\u00e1s de 150 personas invadi\u00f3 nuevamente los predios de Santagro, ubicado en la zona de Las Londras, de manera violenta y portando armas. Agredieron al personal de la propiedad y los polic\u00edas que resguardaban el lugar. Asimismo, realizaron da\u00f1os materiales de consideraci\u00f3n\u201d, asever\u00f3 el abogado.<\/p>\n<p style=\"text-align: justify;\">Tras el hecho violento, las fuerzas policiales se replegaron y los invasores ahora est\u00e1n asentados en tierras donde hay m\u00e1s de 1.800 hect\u00e1reas con cultivos de soya y que en las pr\u00f3ximas dos semanas deben iniciar el proceso de cosecha.<\/p>\n<p style=\"text-align: justify;\">La propiedad, que ya cuenta con medidas precautorias, es tierra que hace m\u00e1s de 20 a\u00f1os produce alimentos para el pa\u00eds y donde los productores hicieron importantes inversiones para la sostenibilidad de los suelos y la producci\u00f3n. En ese sentido, Aguilera acot\u00f3 que los productores que cuentan con la posesi\u00f3n legal de Santagro continuar\u00e1n con las acciones penales para que los invasores salgan de los predios y sean sancionados con todo el rigor de la ley.<\/p>\n<p style=\"text-align: justify;\">\u201cEste grupo de invasores no cuenta con ning\u00fan documento que acredite un derecho de posesi\u00f3n; su actuaci\u00f3n es il\u00edcita e ilegal y, si no se sanciona, puede ser replicada en otros predios productivos que producen alimentos\u201d, acot\u00f3 Aguilera.<\/p>\n<p style=\"text-align: justify;\">Tambi\u00e9n presente en la conferencia de prensa, el presidente de la Asociaci\u00f3n de Productores de Oleaginosas y Trigo (Anapo), Fidel Flores, expres\u00f3 como sector productivo su profunda preocupaci\u00f3n por esta nueva invasi\u00f3n que se ha dado a las tierras productivas del predio Santagro, donde existe una inversi\u00f3n en desmonte e infraestructura de al menos cuatro millones de d\u00f3lares.<\/p>\n<p style=\"text-align: justify;\">\u00a8Exigimos a las autoridades de gobierno que act\u00faen de forma inmediata y contundente para liberar este predio productivo de los invasores de tierras, quienes han actuado de forma violenta, flagrante y cometido un conjunto de delitos, como lesiones al efectivo policial y al personal del predio, adem\u00e1s de amenazar y portar armas de manera ilegal, entre otros, sostuvo Flores.<\/p>\n<p style=\"text-align: justify;\">Exigi\u00f3 que se cumpla el compromiso del presidente, Luis Arce, de que no tolerar\u00e1 ning\u00fan tipo de invasi\u00f3n ni avasallamiento a tierras productivas. \u201cComo productores necesitamos tener las garant\u00edas de que nos van a dar seguridad jur\u00eddica para continuar produciendo alimentos para el pa\u00eds\u201d, acot\u00f3.<\/p>\n","protected":false},"excerpt":{"rendered":"<p>La Asociaci\u00f3n de Productores de Oleaginosas y Trigo (Anapo) exigi\u00f3 garant\u00edas para la producci\u00f3n de alimentos ante la nueva toma violenta del predio de Santagro. Marcelo Aguilera, abogado apoderado del predio inform\u00f3 este martes en conferencia de prensa que la ma\u00f1ana del lunes 13 de febrero, un grupo violento de invasores tom\u00f3 nuevamente terrenos productivos [&hellip;]<\/p>\n","protected":false},"author":4,"featured_media":44082,"comment_status":"open","ping_status":"open","sticky":false,"template":"","format":"standard","meta":{"footnotes":""},"categories":[52],"tags":[],"class_list":{"0":"post-44081","1":"post","2":"type-post","3":"status-publish","4":"format-standard","5":"has-post-thumbnail","7":"category-alimentos-agroindustria"},"_links":{"self":[{"href":"https:\/\/jms.com.bo\/mediamonitor\/wp-json\/wp\/v2\/posts\/44081","targetHints":{"allow":["GET"]}}],"collection":[{"href":"https:\/\/jms.com.bo\/mediamonitor\/wp-json\/wp\/v2\/posts"}],"about":[{"href":"https:\/\/jms.com.bo\/mediamonitor\/wp-json\/wp\/v2\/types\/post"}],"author":[{"embeddable":true,"href":"https:\/\/jms.com.bo\/mediamonitor\/wp-json\/wp\/v2\/users\/4"}],"replies":[{"embeddable":true,"href":"https:\/\/jms.com.bo\/mediamonitor\/wp-json\/wp\/v2\/comments?post=44081"}],"version-history":[{"count":0,"href":"https:\/\/jms.com.bo\/mediamonitor\/wp-json\/wp\/v2\/posts\/44081\/revisions"}],"wp:featuredmedia":[{"embeddable":true,"href":"https:\/\/jms.com.bo\/mediamonitor\/wp-json\/wp\/v2\/media\/44082"}],"wp:attachment":[{"href":"https:\/\/jms.com.bo\/mediamonitor\/wp-json\/wp\/v2\/media?parent=44081"}],"wp:term":[{"taxonomy":"category","embeddable":true,"href":"https:\/\/jms.com.bo\/mediamonitor\/wp-json\/wp\/v2\/categories?post=44081"},{"taxonomy":"post_tag","embeddable":true,"href":"https:\/\/jms.com.bo\/mediamonitor\/wp-json\/wp\/v2\/tags?post=44081"}],"curies":[{"name":"wp","href":"https:\/\/api.w.org\/{rel}","templated":true}]}}