{"id":44083,"date":"2023-02-15T06:43:11","date_gmt":"2023-02-15T10:43:11","guid":{"rendered":"https:\/\/jms.com.bo\/mediamonitor\/2023\/02\/15\/maestros-ratifican-protestas-y-conminan-a-eliminar-la-nueva-malla-escolar-en-72-horas\/"},"modified":"2023-02-15T06:43:11","modified_gmt":"2023-02-15T10:43:11","slug":"maestros-ratifican-protestas-y-conminan-a-eliminar-la-nueva-malla-escolar-en-72-horas","status":"publish","type":"post","link":"https:\/\/jms.com.bo\/mediamonitor\/2023\/02\/15\/maestros-ratifican-protestas-y-conminan-a-eliminar-la-nueva-malla-escolar-en-72-horas\/","title":{"rendered":"Maestros ratifican protestas y conminan a eliminar la nueva malla escolar en 72 horas"},"content":{"rendered":"<p style=\"text-align: justify;\">La Confederaci\u00f3n de Maestros Urbanos de Bolivia ratific\u00f3 su marcha del 6 de marzo en contra de la nueva malla curricular, dispuesta por el Ministerio de Educaci\u00f3n a partir de esta gesti\u00f3n.<\/p>\n<p style=\"text-align: justify;\">Los dirigentes dieron un plazo de 72 horas al Gobierno para que deje sin efecto dicha modificaci\u00f3n a los contenidos educativos.<\/p>\n<p style=\"text-align: justify;\">\u201cSe ha determinado que para el 6 de marzo contingentes de maestros van a llegar a La Paz (\u2026) La malla curricular abarca factores que no han sido analizados de manera t\u00e9cnica y mucho menos pedag\u00f3gica\u201d, dijo Patricio Molina, uno de los ejecutivos nacionales a Unitel.<\/p>\n<p style=\"text-align: justify;\">Asimismo, indic\u00f3 que, pese a las explicaciones del sector, \u201cno ha habido una respuesta positiva a los planteamientos que hemos hecho\u201d.<\/p>\n<p style=\"text-align: justify;\">\u201cLos ejecutivos (de todos los departamentos) han expresado la molestia y la rabia contra el ministro de Educaci\u00f3n (\u00c9dgar Pari)\u201d, apunt\u00f3 Molina.<\/p>\n<p style=\"text-align: justify;\">Desde el Ministerio de Educaci\u00f3n se dijo que los cambios a los contenidos educativos \u201cno son una renovaci\u00f3n completa de la malla curricular, sino que se trata de una actualizaci\u00f3n\u201d.<\/p>\n<p style=\"text-align: justify;\">\u201cPor responsabilidad, hemos decidido no implementar este a\u00f1o la nueva malla curricular. Vamos a continuar con la anterior malla curricular y (tambi\u00e9n con) las medidas (de protesta)\u201d, se\u00f1al\u00f3 Molina.<\/p>\n<p style=\"text-align: justify;\">Otra de las exigencias de los maestros es que se defina un presupuesto para educaci\u00f3n y se incremente la carga horaria.<\/p>\n<p style=\"text-align: justify;\">Maestros dan plazo de 72 horas<\/p>\n<p style=\"text-align: justify;\">En esa misma l\u00ednea, el dirigente Ludwin Salazar habl\u00f3 de un plazo de 72 horas al Gobierno.<\/p>\n<p style=\"text-align: justify;\">Esa medida tiene el fin de evitar que la movilizaci\u00f3n del 6 de marzo se realice y que se instale el di\u00e1logo.<\/p>\n<p style=\"text-align: justify;\">\u201cEl Magisterio Urbano de Bolivia da un plazo de 72 horas al ministro de Educaci\u00f3n (Edgar Pary) para que pueda atender de forma inmediata a las demandas del Magisterio\u201d, dijo a la misma red.<\/p>\n<p style=\"text-align: justify;\">Adem\u00e1s, se\u00f1al\u00f3 que la petici\u00f3n d ellos maestros \u201cva m\u00e1s all\u00e1 de la anulaci\u00f3n de la nueva malla curricular\u201d.<\/p>\n<p style=\"text-align: justify;\">\u201cNos hemos enterado de que se est\u00e1 distribuyendo \u00edtems a nivel nacional\u201d, dijo, y se\u00f1al\u00f3 que ese sector \u201ctambi\u00e9n necesita de nuevos \u00edtems para garantizar la formaci\u00f3n de los estudiantes\u201d.<\/p>\n<p style=\"text-align: justify;\">La modificaci\u00f3n a la malla curricular escolar deriv\u00f3 en movilizaciones por parte de los maestros urbanos, que rechazan su implementaci\u00f3n.<\/p>\n<p style=\"text-align: justify;\">Eso gener\u00f3 el descontento en los maestros que se movilizaron el pasado 8 de febrero.<\/p>\n<p style=\"text-align: justify;\">Por su parte, el titular de Educaci\u00f3n manifest\u00f3 su \u201capertura\u201d al di\u00e1logo, con el fin de hallar una soluci\u00f3n al requerimiento de los movilizados.<\/p>\n<p style=\"text-align: justify;\">Sin embargo, no se conoci\u00f3 de una fecha para ese encuentro.<\/p>\n","protected":false},"excerpt":{"rendered":"<p>La Confederaci\u00f3n de Maestros Urbanos de Bolivia ratific\u00f3 su marcha del 6 de marzo en contra de la nueva malla curricular, dispuesta por el Ministerio de Educaci\u00f3n a partir de esta gesti\u00f3n. Los dirigentes dieron un plazo de 72 horas al Gobierno para que deje sin efecto dicha modificaci\u00f3n a los contenidos educativos. \u201cSe ha [&hellip;]<\/p>\n","protected":false},"author":4,"featured_media":44084,"comment_status":"open","ping_status":"open","sticky":false,"template":"","format":"standard","meta":{"footnotes":""},"categories":[49],"tags":[],"class_list":{"0":"post-44083","1":"post","2":"type-post","3":"status-publish","4":"format-standard","5":"has-post-thumbnail","7":"category-social"},"_links":{"self":[{"href":"https:\/\/jms.com.bo\/mediamonitor\/wp-json\/wp\/v2\/posts\/44083","targetHints":{"allow":["GET"]}}],"collection":[{"href":"https:\/\/jms.com.bo\/mediamonitor\/wp-json\/wp\/v2\/posts"}],"about":[{"href":"https:\/\/jms.com.bo\/mediamonitor\/wp-json\/wp\/v2\/types\/post"}],"author":[{"embeddable":true,"href":"https:\/\/jms.com.bo\/mediamonitor\/wp-json\/wp\/v2\/users\/4"}],"replies":[{"embeddable":true,"href":"https:\/\/jms.com.bo\/mediamonitor\/wp-json\/wp\/v2\/comments?post=44083"}],"version-history":[{"count":0,"href":"https:\/\/jms.com.bo\/mediamonitor\/wp-json\/wp\/v2\/posts\/44083\/revisions"}],"wp:featuredmedia":[{"embeddable":true,"href":"https:\/\/jms.com.bo\/mediamonitor\/wp-json\/wp\/v2\/media\/44084"}],"wp:attachment":[{"href":"https:\/\/jms.com.bo\/mediamonitor\/wp-json\/wp\/v2\/media?parent=44083"}],"wp:term":[{"taxonomy":"category","embeddable":true,"href":"https:\/\/jms.com.bo\/mediamonitor\/wp-json\/wp\/v2\/categories?post=44083"},{"taxonomy":"post_tag","embeddable":true,"href":"https:\/\/jms.com.bo\/mediamonitor\/wp-json\/wp\/v2\/tags?post=44083"}],"curies":[{"name":"wp","href":"https:\/\/api.w.org\/{rel}","templated":true}]}}