{"id":44239,"date":"2023-02-17T06:45:09","date_gmt":"2023-02-17T10:45:09","guid":{"rendered":"https:\/\/jms.com.bo\/mediamonitor\/2023\/02\/17\/vaticinan-un-carnaval-frio-y-con-poca-gente-en-las-calles\/"},"modified":"2023-02-17T06:45:09","modified_gmt":"2023-02-17T10:45:09","slug":"vaticinan-un-carnaval-frio-y-con-poca-gente-en-las-calles","status":"publish","type":"post","link":"https:\/\/jms.com.bo\/mediamonitor\/2023\/02\/17\/vaticinan-un-carnaval-frio-y-con-poca-gente-en-las-calles\/","title":{"rendered":"Vaticinan un carnaval \u00abfr\u00edo\u00bb y con poca gente en las calles"},"content":{"rendered":"<p style=\"text-align: justify;\">Definitivamente ser\u00e1 un carnaval diferente. Seg\u00fan el expresidente de la Asociaci\u00f3n Cruce\u00f1a de Comparsas Carnavaleras (ACCC), Joaqu\u00edn Banegas, la &#8216;fiesta grande&#8217; de esta gesti\u00f3n ser\u00e1 \u00abfr\u00eda y con poca gente en las calles\u00bb, debido a los problemas sociales, pol\u00edticos, econ\u00f3micos y hasta de salud que se viven en el departamento.<\/p>\n<p style=\"text-align: justify;\">Desde el 2019 el Carnaval ya no es el mismo en Santa Cruz de la Sierra, \u00abporque en lugar de mejorar va para atr\u00e1s\u00bb, remarc\u00f3 el past- presidente.<\/p>\n<p style=\"text-align: justify;\">Cada a\u00f1o, desde el 2019, ha habido grandes ausencias en los carros aleg\u00f3ricos. Hasta el 2015 hab\u00edan 60 u 80 carros; ahora no superan los ocho o diez. Esta gesti\u00f3n solo se espera a la comparsa coronadora y los que buscar\u00e1n coronar el pr\u00f3ximo a\u00f1o\u00bb, insisti\u00f3 Banegas.<\/p>\n<p style=\"text-align: justify;\">A ello, el expresidente de la ACCC sum\u00f3 \u00abla ausencia de las grandes agrupaciones femeninas, que le daban el brillo, color y majestuosidad al corso\u00bb, subray\u00f3 a tiempo de indicar que de la misma manera muchas otras comparsas no van a participar porque dicen que el contexto pol\u00edtico \u00abno da\u00bb.<\/p>\n<p style=\"text-align: justify;\">\u00abVamos a tener poca gente en las calles porque desde el inicio de las actividades, que eran las precarnavaleras, que son como el calentamiento para las actividades, no se realizaron, por lo que se prev\u00e9 una menor cantidad de p\u00fablico en el corso y ausencia en las calles\u00bb, sostuvo Banegas.<\/p>\n<p style=\"text-align: justify;\">La versi\u00f3n de Banegas fue confirmada por Jorge Stratis, otro expresidente de la ACCC, quien indic\u00f3 que seguramente no ser\u00e1 el Carnaval m\u00e1s concurrido por diversas razones, pero tiene la esperanza de que el esp\u00edritu cruce\u00f1o mantenga vivo el festejo a su manera.<\/p>\n<p style=\"text-align: justify;\">\u00abEl Carnaval, adem\u00e1s, es una especie de resistencia cultural, la \u00fanica oportunidad de manera masiva que puede reflejar nuestras tradiciones. Siempre ser\u00e1 bueno\u00bb, dijo Stratis.<\/p>\n<p style=\"text-align: justify;\">A criterio de ambos expresidentes, la mayor\u00eda de la poblaci\u00f3n se est\u00e1 volcando a las provincias para celebrar el Carnaval. Vallegrande, Yapacan\u00ed, entre otros municipios, ya tienen listas sus actividades para reavivar las tradiciones de la fiesta grande.<\/p>\n<p style=\"text-align: justify;\">\u00abEso es lo bueno del Carnaval, porque no es solo lo que organiza la ACCC. Hay quienes se van disfrutan en las provincias, otros solo en casa, otros viajan\u00bb, puntualiz\u00f3 Stratis.<\/p>\n<p style=\"text-align: justify;\">Gustavo Gil, actual presidente de la ACCC, inform\u00f3 que esta gesti\u00f3n participar\u00e1n 80 comparsas y 40 ballets folcl\u00f3ricos en el corso, que se prev\u00e9 realizar en el Camb\u00f3dromo, del s\u00e9ptimo al quinto anillo.<\/p>\n<p style=\"text-align: justify;\">\u00abEsta es una fiesta cultural, un evento cultural. Se intercalar\u00e1 entre comparsas y grupos folcl\u00f3ricos. Aspiramos a ser patrimonio cultural de la humanidad\u00bb, asever\u00f3 el presidente de la ACCC.<\/p>\n<p style=\"text-align: justify;\">\n","protected":false},"excerpt":{"rendered":"<p>Definitivamente ser\u00e1 un carnaval diferente. Seg\u00fan el expresidente de la Asociaci\u00f3n Cruce\u00f1a de Comparsas Carnavaleras (ACCC), Joaqu\u00edn Banegas, la &#8216;fiesta grande&#8217; de esta gesti\u00f3n ser\u00e1 \u00abfr\u00eda y con poca gente en las calles\u00bb, debido a los problemas sociales, pol\u00edticos, econ\u00f3micos y hasta de salud que se viven en el departamento. Desde el 2019 el Carnaval [&hellip;]<\/p>\n","protected":false},"author":4,"featured_media":44240,"comment_status":"open","ping_status":"open","sticky":false,"template":"","format":"standard","meta":{"footnotes":""},"categories":[20],"tags":[],"class_list":{"0":"post-44239","1":"post","2":"type-post","3":"status-publish","4":"format-standard","5":"has-post-thumbnail","7":"category-actualidad"},"_links":{"self":[{"href":"https:\/\/jms.com.bo\/mediamonitor\/wp-json\/wp\/v2\/posts\/44239","targetHints":{"allow":["GET"]}}],"collection":[{"href":"https:\/\/jms.com.bo\/mediamonitor\/wp-json\/wp\/v2\/posts"}],"about":[{"href":"https:\/\/jms.com.bo\/mediamonitor\/wp-json\/wp\/v2\/types\/post"}],"author":[{"embeddable":true,"href":"https:\/\/jms.com.bo\/mediamonitor\/wp-json\/wp\/v2\/users\/4"}],"replies":[{"embeddable":true,"href":"https:\/\/jms.com.bo\/mediamonitor\/wp-json\/wp\/v2\/comments?post=44239"}],"version-history":[{"count":0,"href":"https:\/\/jms.com.bo\/mediamonitor\/wp-json\/wp\/v2\/posts\/44239\/revisions"}],"wp:featuredmedia":[{"embeddable":true,"href":"https:\/\/jms.com.bo\/mediamonitor\/wp-json\/wp\/v2\/media\/44240"}],"wp:attachment":[{"href":"https:\/\/jms.com.bo\/mediamonitor\/wp-json\/wp\/v2\/media?parent=44239"}],"wp:term":[{"taxonomy":"category","embeddable":true,"href":"https:\/\/jms.com.bo\/mediamonitor\/wp-json\/wp\/v2\/categories?post=44239"},{"taxonomy":"post_tag","embeddable":true,"href":"https:\/\/jms.com.bo\/mediamonitor\/wp-json\/wp\/v2\/tags?post=44239"}],"curies":[{"name":"wp","href":"https:\/\/api.w.org\/{rel}","templated":true}]}}