{"id":44241,"date":"2023-02-17T06:46:23","date_gmt":"2023-02-17T10:46:23","guid":{"rendered":"https:\/\/jms.com.bo\/mediamonitor\/2023\/02\/17\/la-utf-hace-una-consulta-publica-para-la-linea-amarilla-se-afectaran-600-arboles\/"},"modified":"2023-02-17T06:46:23","modified_gmt":"2023-02-17T10:46:23","slug":"la-utf-hace-una-consulta-publica-para-la-linea-amarilla-se-afectaran-600-arboles","status":"publish","type":"post","link":"https:\/\/jms.com.bo\/mediamonitor\/2023\/02\/17\/la-utf-hace-una-consulta-publica-para-la-linea-amarilla-se-afectaran-600-arboles\/","title":{"rendered":"La UTF hace una consulta p\u00fablica para la l\u00ednea amarilla: se afectar\u00e1n 600 \u00e1rboles"},"content":{"rendered":"<p style=\"text-align: justify;\">En busca de dar continuidad a las obras de la l\u00ednea amarilla del Tren Metropolitano de Cochabamba, que conectar\u00e1 a Cercado con Sacaba, la Unidad T\u00e9cnica de Ferrocarriles (UTF) y la constructora Asociaci\u00f3n Accidental Tunari (AAT) realizaron ayer la consulta p\u00fablica con diferentes sectores e instituciones sobre la propuesta de trazo elevado del tramo dos para obtener la licencia ambiental.<\/p>\n<p style=\"text-align: justify;\">Al pasar por la ribera del r\u00edo Rocha, esta propuesta prev\u00e9 afectar a al menos 600 \u00e1rboles con podas, talas o trasplantes, inform\u00f3 el responsable Social de la UTF, V\u00edctor Hugo Zambrana.<\/p>\n<p style=\"text-align: justify;\">Indic\u00f3 que la propuesta para el tramo 2, que empieza en la intersecci\u00f3n de la avenida Sajama y Padilla hasta el puente Siles, se aprob\u00f3 tras la revisi\u00f3n de otras propuestas y observaciones presentadas por organizaciones y plataformas medioambientales.<\/p>\n<p style=\"text-align: justify;\">\u201cEn este sentido, se aprob\u00f3 un trazo elevado por la ribera del r\u00edo Rocha. Sobre el muro de contenci\u00f3n, van a haber pilares. Todo es elevado hasta el puente Siles, l\u00edmite con Sacaba\u201d, explic\u00f3 Zambrana. Y, en el marco de la Ley 1333 del Medio Ambiente, se realiz\u00f3 la consulta p\u00fablica.<\/p>\n<p style=\"text-align: justify;\">\u201cSin la licencia ambiental, no podemos ejecutar la l\u00ednea amarilla. Las organizaciones van a decidir si aprueban o no el trazo\u201d, se\u00f1al\u00f3. Ante una negativa, buscar\u00e1n otras alternativas, dijo.<\/p>\n<p style=\"text-align: justify;\">Recorrido<\/p>\n<p style=\"text-align: justify;\">La l\u00ednea amarilla del tren se inicia en la estaci\u00f3n central de San Antonio, en la avenida 6 de Agosto, pasa por la zona del aeropuerto, la avenida Sajama y llegar\u00e1 hasta El Castillo, en Sacaba. A la fecha, se tiene al menos el 21 por ciento de avance y recorrer\u00e1 10 kil\u00f3metros; aunque en 2020 se anunci\u00f3 su ampliaci\u00f3n hasta la terminal de buses de Sacaba.<\/p>\n<p style=\"text-align: justify;\">El a\u00f1o pasado, tras la presentaci\u00f3n de una propuesta realizada por la Facultad de Arquitectura y Ciencias del H\u00e1bitat (FACH) de la UMSS y el Colegio de Arquitectos de Cochabamba (CAC), vecinos de los distritos 11 y 12, plataformas y profesionales expresaron su apoyo a una ruta elevada, pero exigieron cuidar los \u00e1rboles.<\/p>\n<p style=\"text-align: justify;\">Se prev\u00e9 realizar una inversi\u00f3n 310 millones de bolivianos en la v\u00eda amarilla. Todo el proyecto demand\u00f3 447 millones de d\u00f3lares.<\/p>\n<p style=\"text-align: justify;\">Proponen tener el menor impacto<\/p>\n<p style=\"text-align: justify;\">En 2021 se present\u00f3 una propuesta para el trazo para la l\u00ednea amarilla que iba por la calzada quitando espacio al transporte e invadiendo \u00e1reas verdes. Con la propuesta actual, la UTF dice que se est\u00e1 \u201cminimizando el impacto ambiental\u201d.<\/p>\n<p style=\"text-align: justify;\">\u201cNo estamos invadiendo \u00e1reas verdes, pero s\u00ed la ribera del r\u00edo Rocha tiene \u00e1rboles y, seg\u00fan un inventario ambiental que se hizo, se van a afectar a 600 \u00e1rboles, pero con podas, reubicaci\u00f3n y cortes. Todo proyecto tiene un impacto ambiental\u201d, manifest\u00f3 Zambrana.<\/p>\n","protected":false},"excerpt":{"rendered":"<p>En busca de dar continuidad a las obras de la l\u00ednea amarilla del Tren Metropolitano de Cochabamba, que conectar\u00e1 a Cercado con Sacaba, la Unidad T\u00e9cnica de Ferrocarriles (UTF) y la constructora Asociaci\u00f3n Accidental Tunari (AAT) realizaron ayer la consulta p\u00fablica con diferentes sectores e instituciones sobre la propuesta de trazo elevado del tramo dos [&hellip;]<\/p>\n","protected":false},"author":4,"featured_media":44242,"comment_status":"open","ping_status":"open","sticky":false,"template":"","format":"standard","meta":{"footnotes":""},"categories":[20],"tags":[],"class_list":{"0":"post-44241","1":"post","2":"type-post","3":"status-publish","4":"format-standard","5":"has-post-thumbnail","7":"category-actualidad"},"_links":{"self":[{"href":"https:\/\/jms.com.bo\/mediamonitor\/wp-json\/wp\/v2\/posts\/44241","targetHints":{"allow":["GET"]}}],"collection":[{"href":"https:\/\/jms.com.bo\/mediamonitor\/wp-json\/wp\/v2\/posts"}],"about":[{"href":"https:\/\/jms.com.bo\/mediamonitor\/wp-json\/wp\/v2\/types\/post"}],"author":[{"embeddable":true,"href":"https:\/\/jms.com.bo\/mediamonitor\/wp-json\/wp\/v2\/users\/4"}],"replies":[{"embeddable":true,"href":"https:\/\/jms.com.bo\/mediamonitor\/wp-json\/wp\/v2\/comments?post=44241"}],"version-history":[{"count":0,"href":"https:\/\/jms.com.bo\/mediamonitor\/wp-json\/wp\/v2\/posts\/44241\/revisions"}],"wp:featuredmedia":[{"embeddable":true,"href":"https:\/\/jms.com.bo\/mediamonitor\/wp-json\/wp\/v2\/media\/44242"}],"wp:attachment":[{"href":"https:\/\/jms.com.bo\/mediamonitor\/wp-json\/wp\/v2\/media?parent=44241"}],"wp:term":[{"taxonomy":"category","embeddable":true,"href":"https:\/\/jms.com.bo\/mediamonitor\/wp-json\/wp\/v2\/categories?post=44241"},{"taxonomy":"post_tag","embeddable":true,"href":"https:\/\/jms.com.bo\/mediamonitor\/wp-json\/wp\/v2\/tags?post=44241"}],"curies":[{"name":"wp","href":"https:\/\/api.w.org\/{rel}","templated":true}]}}