{"id":44245,"date":"2023-02-17T06:51:10","date_gmt":"2023-02-17T10:51:10","guid":{"rendered":"https:\/\/jms.com.bo\/mediamonitor\/2023\/02\/17\/renovadores-atacan-a-hijos-de-evo-y-arce-mantiene-el-silencio\/"},"modified":"2023-02-17T06:51:10","modified_gmt":"2023-02-17T10:51:10","slug":"renovadores-atacan-a-hijos-de-evo-y-arce-mantiene-el-silencio","status":"publish","type":"post","link":"https:\/\/jms.com.bo\/mediamonitor\/2023\/02\/17\/renovadores-atacan-a-hijos-de-evo-y-arce-mantiene-el-silencio\/","title":{"rendered":"Renovadores atacan a hijos de Evo y Arce mantiene el silencio"},"content":{"rendered":"<p style=\"text-align: justify;\">La nueva pelea en el MAS ahora alcanza a la familia de Evo Morales y de Luis Arce. Tras la denuncia de supuesta corrupci\u00f3n que involucra a Luis Marcelo Arce Mosqueira, hijo del presidente, el bloque de renovadores sugiri\u00f3 tambi\u00e9n investigar a los hijos del l\u00edder cocalero por sus v\u00ednculos laborales en el Gobierno en las gestiones 2021 y 2022.<br \/>\n\u201cSe est\u00e1n metiendo con el hijo del presidente, entonces investiguemos a Evaliz, d\u00f3nde est\u00e1n trabajando, d\u00f3nde estaba trabajando el hijo del se\u00f1or Evo Morales.<\/p>\n<p style=\"text-align: justify;\">A Evo y a H\u00e9ctor Arce no les interesa (meterse con la familia) para volver al gobierno. Quien se cruce en su camino, ellos van a destruir\u201d, asegur\u00f3 el diputado Rolando Cu\u00e9llar, de la \u2018arcista\u2019 del MAS.<\/p>\n<p style=\"text-align: justify;\">Agreg\u00f3 que en dos a\u00f1os de gesti\u00f3n de Luis Arce hubo \u201cocho golpes internos\u201d, supuestamente gestados por Morales para retornar al poder.<\/p>\n<p style=\"text-align: justify;\">Tambi\u00e9n cuestion\u00f3 que el diputado denunciante, H\u00e9ctor Arce, no presentara la demanda penal ante la Fiscal\u00eda de supuestos \u201cnegociados con el litio\u201d cometidos por Arce Mosqueira.<\/p>\n<p style=\"text-align: justify;\">\u201cHasta la fecha, puras mentiras y patra\u00f1as. Hasta ahora no formaliza una denuncia penal ante el Ministerio P\u00fablico porque claramente no tiene pruebas, est\u00e1n atacando medi\u00e1ticamente a plan de desgastar a nuestro presidente\u201d, enfatiz\u00f3.<\/p>\n<p style=\"text-align: justify;\">Este medio consult\u00f3 por escrito al diputado Arce para cu\u00e1ndo prev\u00e9 presentar la denuncia ante las autoridades y respondi\u00f3: \u201cestamos en eso\u201d. En una entrevista anterior, coment\u00f3 que est\u00e1 preparando como pruebas videos, audios, fotograf\u00edas y un relato cronol\u00f3gico, adem\u00e1s de otros elementos que no mostr\u00f3 a la prensa.<\/p>\n<p style=\"text-align: justify;\">\u201cNos estamos reservando cierta documentaci\u00f3n que consideramos importante y oportuno para que en su momento podamos respaldar nuestra denuncia penal\u201d, manifest\u00f3.<\/p>\n<p style=\"text-align: justify;\">Morales ni sus hijos se pronunciaron sobre la intenci\u00f3n de iniciar investigaciones.<\/p>\n<p style=\"text-align: justify;\">En enero de 2021, se conoci\u00f3 que Evaliz Morales Alvarado, hija del expresidente Evo Morales, trabajaba en la Procuradur\u00eda General del Estado. De acuerdo a una revisi\u00f3n de la p\u00e1gina de la Contralor\u00eda, Morales Alvarado actualiz\u00f3 su declaraci\u00f3n jurada el 28 de septiembre de 2022.<\/p>\n<p style=\"text-align: justify;\">Mientras \u00c1lvaro Morales Peredo, hijo del l\u00edder del MAS, figuraba en septiembre de 2022 como funcionario de la Administradora Boliviana de Carreteras (ABC), pero renunci\u00f3 a los pocos d\u00edas.<\/p>\n","protected":false},"excerpt":{"rendered":"<p>La nueva pelea en el MAS ahora alcanza a la familia de Evo Morales y de Luis Arce. Tras la denuncia de supuesta corrupci\u00f3n que involucra a Luis Marcelo Arce Mosqueira, hijo del presidente, el bloque de renovadores sugiri\u00f3 tambi\u00e9n investigar a los hijos del l\u00edder cocalero por sus v\u00ednculos laborales en el Gobierno en [&hellip;]<\/p>\n","protected":false},"author":4,"featured_media":44246,"comment_status":"open","ping_status":"open","sticky":false,"template":"","format":"standard","meta":{"footnotes":""},"categories":[18],"tags":[],"class_list":{"0":"post-44245","1":"post","2":"type-post","3":"status-publish","4":"format-standard","5":"has-post-thumbnail","7":"category-politica"},"_links":{"self":[{"href":"https:\/\/jms.com.bo\/mediamonitor\/wp-json\/wp\/v2\/posts\/44245","targetHints":{"allow":["GET"]}}],"collection":[{"href":"https:\/\/jms.com.bo\/mediamonitor\/wp-json\/wp\/v2\/posts"}],"about":[{"href":"https:\/\/jms.com.bo\/mediamonitor\/wp-json\/wp\/v2\/types\/post"}],"author":[{"embeddable":true,"href":"https:\/\/jms.com.bo\/mediamonitor\/wp-json\/wp\/v2\/users\/4"}],"replies":[{"embeddable":true,"href":"https:\/\/jms.com.bo\/mediamonitor\/wp-json\/wp\/v2\/comments?post=44245"}],"version-history":[{"count":0,"href":"https:\/\/jms.com.bo\/mediamonitor\/wp-json\/wp\/v2\/posts\/44245\/revisions"}],"wp:featuredmedia":[{"embeddable":true,"href":"https:\/\/jms.com.bo\/mediamonitor\/wp-json\/wp\/v2\/media\/44246"}],"wp:attachment":[{"href":"https:\/\/jms.com.bo\/mediamonitor\/wp-json\/wp\/v2\/media?parent=44245"}],"wp:term":[{"taxonomy":"category","embeddable":true,"href":"https:\/\/jms.com.bo\/mediamonitor\/wp-json\/wp\/v2\/categories?post=44245"},{"taxonomy":"post_tag","embeddable":true,"href":"https:\/\/jms.com.bo\/mediamonitor\/wp-json\/wp\/v2\/tags?post=44245"}],"curies":[{"name":"wp","href":"https:\/\/api.w.org\/{rel}","templated":true}]}}