{"id":44247,"date":"2023-02-17T06:53:03","date_gmt":"2023-02-17T10:53:03","guid":{"rendered":"https:\/\/jms.com.bo\/mediamonitor\/2023\/02\/17\/regimen-penitenciario-garantiza-derecho-a-la-salud-en-chonchocoro-donde-esta-camacho\/"},"modified":"2023-02-17T06:53:03","modified_gmt":"2023-02-17T10:53:03","slug":"regimen-penitenciario-garantiza-derecho-a-la-salud-en-chonchocoro-donde-esta-camacho","status":"publish","type":"post","link":"https:\/\/jms.com.bo\/mediamonitor\/2023\/02\/17\/regimen-penitenciario-garantiza-derecho-a-la-salud-en-chonchocoro-donde-esta-camacho\/","title":{"rendered":"R\u00e9gimen Penitenciario garantiza derecho a la salud en Chonchocoro, donde est\u00e1 Camacho"},"content":{"rendered":"<p style=\"text-align: justify;\">El director de R\u00e9gimen Penitenciario de La Paz, Franz Luna, indic\u00f3 que est\u00e1 garantizado el derecho a la salud en la c\u00e1rcel de Chonchocoro, donde est\u00e1 Luis Fernando Camacho.<\/p>\n<p style=\"text-align: justify;\">La declaraci\u00f3n fue emitida cuando se habla de complicaciones a la salud del gobernador de Santa Cruz. Est\u00e1 detenido preventivamente por el caso Golpe de Estado I.<\/p>\n<p style=\"text-align: justify;\">\u201cSabemos que Camacho el \u00fanico derecho que perdi\u00f3 es el de locomoci\u00f3n. La administraci\u00f3n penitenciaria garantiza el ejercicio de todos sus derechos, principalmente el de la salud\u201d.<\/p>\n<p style=\"text-align: justify;\">Asimismo, Luna remarc\u00f3 que ese derecho no solo est\u00e1 garantizado para el expresidente c\u00edvico cruce\u00f1o. Sino para todos los privados de libertad de la prisi\u00f3n de m\u00e1xima seguridad en La Paz.<\/p>\n<p style=\"text-align: justify;\">Derecho<\/p>\n<p style=\"text-align: justify;\">\u201cNo hay nada fuera de lo rutinario\u201d, a\u00f1adi\u00f3 la autoridad departamental sobre los reportes de salud que recibe de todos los centros de privaci\u00f3n de libertad, entre ellos Chonchocoro.<\/p>\n<p style=\"text-align: justify;\">Luna a\u00f1adi\u00f3 que \u201cla administraci\u00f3n penitenciaria cumple y garantiza el respeto de todos los derechos de los privados de libertad, especialmente el de la salud\u201d.<\/p>\n<p style=\"text-align: justify;\">Camacho est\u00e1 recluido desde diciembre del a\u00f1o pasado, cuando fue aprehendido en Santa Cruz en medio de un operativo policial. Posteriormente fue trasladado de La Paz.<\/p>\n<p style=\"text-align: justify;\">Es acusado de terrorismo, en el caso Golpe de Estado I. Este investiga el derrocamiento del presidente Evo Morales, el 10 de noviembre de 2019, en medio de una crisis pol\u00edtica y social.<\/p>\n<p style=\"text-align: justify;\">El entonces mandatario renunci\u00f3 hostigado por denuncias de fraude electoral, protestas c\u00edvicas dirigidas precisamente Camacho, un mot\u00edn policial y la presi\u00f3n de los militares.<\/p>\n<p style=\"text-align: justify;\">El 12 de noviembre de ese a\u00f1o, asumi\u00f3 la entonces senadora opositora Jeanine \u00c1\u00f1ez. Lo hizo sin el respectivo qu\u00f3rum en la Asamblea Legislativa y sin respetar el reglamento del Senado.<\/p>\n<p style=\"text-align: justify;\">\u00c1\u00f1ez tambi\u00e9n es investigada por este caso. Adem\u00e1s, fue sentenciada en primera instancia a 10 a\u00f1os de c\u00e1rcel, en el caso Golpe de Estado II, por su proclamaci\u00f3n presidencial irregular.<\/p>\n","protected":false},"excerpt":{"rendered":"<p>El director de R\u00e9gimen Penitenciario de La Paz, Franz Luna, indic\u00f3 que est\u00e1 garantizado el derecho a la salud en la c\u00e1rcel de Chonchocoro, donde est\u00e1 Luis Fernando Camacho. La declaraci\u00f3n fue emitida cuando se habla de complicaciones a la salud del gobernador de Santa Cruz. Est\u00e1 detenido preventivamente por el caso Golpe de Estado [&hellip;]<\/p>\n","protected":false},"author":4,"featured_media":44248,"comment_status":"open","ping_status":"open","sticky":false,"template":"","format":"standard","meta":{"footnotes":""},"categories":[18],"tags":[],"class_list":{"0":"post-44247","1":"post","2":"type-post","3":"status-publish","4":"format-standard","5":"has-post-thumbnail","7":"category-politica"},"_links":{"self":[{"href":"https:\/\/jms.com.bo\/mediamonitor\/wp-json\/wp\/v2\/posts\/44247","targetHints":{"allow":["GET"]}}],"collection":[{"href":"https:\/\/jms.com.bo\/mediamonitor\/wp-json\/wp\/v2\/posts"}],"about":[{"href":"https:\/\/jms.com.bo\/mediamonitor\/wp-json\/wp\/v2\/types\/post"}],"author":[{"embeddable":true,"href":"https:\/\/jms.com.bo\/mediamonitor\/wp-json\/wp\/v2\/users\/4"}],"replies":[{"embeddable":true,"href":"https:\/\/jms.com.bo\/mediamonitor\/wp-json\/wp\/v2\/comments?post=44247"}],"version-history":[{"count":0,"href":"https:\/\/jms.com.bo\/mediamonitor\/wp-json\/wp\/v2\/posts\/44247\/revisions"}],"wp:featuredmedia":[{"embeddable":true,"href":"https:\/\/jms.com.bo\/mediamonitor\/wp-json\/wp\/v2\/media\/44248"}],"wp:attachment":[{"href":"https:\/\/jms.com.bo\/mediamonitor\/wp-json\/wp\/v2\/media?parent=44247"}],"wp:term":[{"taxonomy":"category","embeddable":true,"href":"https:\/\/jms.com.bo\/mediamonitor\/wp-json\/wp\/v2\/categories?post=44247"},{"taxonomy":"post_tag","embeddable":true,"href":"https:\/\/jms.com.bo\/mediamonitor\/wp-json\/wp\/v2\/tags?post=44247"}],"curies":[{"name":"wp","href":"https:\/\/api.w.org\/{rel}","templated":true}]}}