{"id":44249,"date":"2023-02-17T06:55:47","date_gmt":"2023-02-17T10:55:47","guid":{"rendered":"https:\/\/jms.com.bo\/mediamonitor\/2023\/02\/17\/la-division-llega-al-ejecutivo-lima-y-chavez-se-contradicen-por-los-obispos\/"},"modified":"2023-02-17T06:55:47","modified_gmt":"2023-02-17T10:55:47","slug":"la-division-llega-al-ejecutivo-lima-y-chavez-se-contradicen-por-los-obispos","status":"publish","type":"post","link":"https:\/\/jms.com.bo\/mediamonitor\/2023\/02\/17\/la-division-llega-al-ejecutivo-lima-y-chavez-se-contradicen-por-los-obispos\/","title":{"rendered":"La divisi\u00f3n llega al Ejecutivo, Lima y Ch\u00e1vez se contradicen por los obispos"},"content":{"rendered":"<p style=\"text-align: justify;\">El Gobierno, a trav\u00e9s del ministro de Justicia, Iv\u00e1n Lima, contradijo al procurador Wilfredo Ch\u00e1vez y asegur\u00f3 que no corresponde citar a declarar a los obispos por los hechos ocurridos en 2019. En respuesta, el ala \u2018arcista\u2019 solicite un proceso en contra de Evo Morales por su renuncia a la Presidencia y posterior salida del pa\u00eds por el fraude electoral detectado por expertos de la OEA.<\/p>\n<p style=\"text-align: justify;\">La divisi\u00f3n dentro del MAS se siente, incluso, dentro del Poder Ejecutivo, y se hace m\u00e1s evidente con este desencuentro entre el ministro y el procurador. De hecho, fuentes internas se\u00f1alaron que la rivalidad entre Lima y Ch\u00e1vez no es reciente, pero se profundiz\u00f3 porque el titular de Justicia es \u2018arcista\u2019 y el procurador fue abogado personal de Evo Morales.<\/p>\n<p style=\"text-align: justify;\">El conflicto va m\u00e1s all\u00e1, y toca el \u00e1mbito familiar. Por un lado, del presidente del Estado y por otro, del jefe del MAS. Luego de que el diputado \u2018evista\u2019 H\u00e9ctor Arce denunciara que Luis Marcelo, hijo mayor del presidente Arce realiza supuestos negociados con empresas internacionales dedicadas a la explotaci\u00f3n del litio, su colega Rolando Cu\u00e9llar anunci\u00f3 que se investigar\u00e1 a los hijos de Evo Morales. De hecho, Evaliz, la mayor, trabaja en la Procuradur\u00eda con Wilfredo Ch\u00e1vez (ver nota adjunta).<\/p>\n<p style=\"text-align: justify;\">El ministro Lima asegur\u00f3 que \u201cla Fiscal\u00eda ha rechazado el pedido realizado por el procurador General del Estado y ese es un tema cerrado para el Gobierno del presidente Luis Arce. No vemos que haya, en este momento, una situaci\u00f3n que merezca mayor debate o repercusi\u00f3n p\u00fablica\u201d, dijo.<\/p>\n<p style=\"text-align: justify;\">El Gobierno y el MAS activaron dos casos judiciales por delitos de terrorismo e incumplimiento de deberes para sancionar a las autoridades que asumieron el poder tras la renuncia de Evo, en 2019.<\/p>\n<p style=\"text-align: justify;\">\u201cTenemos dos casos, Golpe I y Golpe II. En el caso Golpe II, que tiene que ver con estos hechos, hay una sentencia; hay una determinaci\u00f3n de la Justicia que ha sido apelada\u201d, precis\u00f3 Lima en una entrevista con el canal de televisi\u00f3n Abya Yala.<\/p>\n<p style=\"text-align: justify;\">Record\u00f3 que el caso cerrado tiene que ver con la \u201cautoproclamaci\u00f3n\u201d presidencial de Jeanine \u00c1\u00f1ez cuando a\u00fan era senadora. De hecho, tras este proceso, la justicia despoj\u00f3 a la mandataria transitoria de toda la evidencia de su mandato, seg\u00fan se\u00f1alan sus abogados de la defensa.<\/p>\n<p style=\"text-align: justify;\">Para Lima, este caso est\u00e1 relacionado con las reuniones previas a esa investidura que promovieron los obispos de la Conferencia Episcopal de Bolivia (CEB), pero el pedido de Ch\u00e1vez a la Fiscal\u00eda se\u00f1ala la pesquisa de \u201cterrorismo\u201d que corresponde al caso Golpe I.<\/p>\n<p style=\"text-align: justify;\">\u201cEsto ya tiene una sentencia y, por lo tanto, no tiene ning\u00fan sentido de que se convoque a ning\u00fan testigo por esos hechos\u201d, remarc\u00f3 Lima, quien fue parte de los asesores de la CEB y, recientemente revel\u00f3 que no figura entre los militantes del MAS.<\/p>\n<p style=\"text-align: justify;\">\u201cEntiendo que hay una serie de impresiones que puedan darse. Respeto el trabajo del procurador y quienes est\u00e1n a cargo de la posici\u00f3n del Estado, pero son dos casos diferentes\u201d, insisti\u00f3 el ministro al referirse al petitorio de Ch\u00e1vez, quien fue defensor de Evo Morales.<\/p>\n<p style=\"text-align: justify;\">Esta semana, Ch\u00e1vez ratific\u00f3 la intenci\u00f3n de que los obispos declaren, pero por el caso denominado \u2018Golpe I\u2019. \u201cVamos a volver a presentar el memorial insistiendo en que declaren estas personas, porque es lo correcto, antes de que se cierre esta investigaci\u00f3n no podemos dejar en el limbo o en la oscuridad, como quieren algunos, las muertes que ha habido en los hechos del 2019 tienen que cerrarse y la mejor forma es ir a testificar\u201d, agreg\u00f3.<\/p>\n<p style=\"text-align: justify;\">En la lista est\u00e1n monse\u00f1or Ricardo Centellas Guzm\u00e1n, quien era Vicepresidente de la CEB en 2019; Aurelio Pesoa Ribera, quien fue Secretario General episcopal; monse\u00f1or Giovani \u00c9dgar Arana, obispo auxiliar de El Alto en 2019, y el padre Jos\u00e9 Fuentes Cano, quien fue Secretario General Adjunto de la CEB.<\/p>\n<p style=\"text-align: justify;\">Sin embargo, el representante de las v\u00edctimas de Senkata, David Inca, asegur\u00f3 que ninguno de los casos, especialmente \u201cGolpe I\u201d, que deriv\u00f3 en la detenci\u00f3n del gobernador de Santa Cruz, Luis Fernando Camacho, est\u00e1 relacionado con las muertes de civiles.<\/p>\n<p style=\"text-align: justify;\">En la crisis de 2019 murieron 32 personas, 11 de ellas en Senkata. Sucedi\u00f3 cuando Jeanine \u00c1\u00f1ez hab\u00eda asumido el poder. El Gobierno desconoci\u00f3 su mandato y ahora se prepara un juicio ordinario contra la exautoridad. El decreto 4078 que autoriz\u00f3 a los militares reprimir a los manifestantes es la principal prueba de este caso.<\/p>\n<p style=\"text-align: justify;\">Proceso<\/p>\n<p style=\"text-align: justify;\">Evo Morales a\u00fan no fue citado por la Fiscal\u00eda a declarar sobre estos sucesos y el procurador Ch\u00e1vez dijo que no ser\u00eda \u201capropiado\u201d. Pero, ya lo sugieren dentro el MAS.<\/p>\n<p style=\"text-align: justify;\">El primero en lanzar la piedra fue el senador F\u00e9lix Ajpi, quien dijo que \u201cEvo Morales tiene que declarar, como testigo o como investigado, y debe explicar por qu\u00e9 renunci\u00f3\u201d.<\/p>\n<p style=\"text-align: justify;\">El diputado Rolando Cu\u00e9llar se\u00f1al\u00f3 que hay que citar a Morales, a los ex ministros, a Tuto Quiroga, a Carlos Mesa y a todos porque todos han sido involucrados\u201d, manifest\u00f3. Explic\u00f3 que Morales tiene que decir al pueblo boliviano lo que pas\u00f3 exactamente el a\u00f1o 2019 para que renuncie a la Presidencia, saber si fue bajo presi\u00f3n y decir los nombres de las personas que lo obligaron. \u201cNo se sabe por qu\u00e9 renunci\u00f3, tiene que decir los nombres, los que lo presionaron a renunciar aqu\u00ed tienen que declarar todos\u201d, sostuvo.<\/p>\n","protected":false},"excerpt":{"rendered":"<p>El Gobierno, a trav\u00e9s del ministro de Justicia, Iv\u00e1n Lima, contradijo al procurador Wilfredo Ch\u00e1vez y asegur\u00f3 que no corresponde citar a declarar a los obispos por los hechos ocurridos en 2019. En respuesta, el ala \u2018arcista\u2019 solicite un proceso en contra de Evo Morales por su renuncia a la Presidencia y posterior salida del [&hellip;]<\/p>\n","protected":false},"author":4,"featured_media":44250,"comment_status":"open","ping_status":"open","sticky":false,"template":"","format":"standard","meta":{"footnotes":""},"categories":[18,48,46],"tags":[],"class_list":{"0":"post-44249","1":"post","2":"type-post","3":"status-publish","4":"format-standard","5":"has-post-thumbnail","7":"category-politica","8":"category-portada-general-sitio","9":"category-portada-politica"},"_links":{"self":[{"href":"https:\/\/jms.com.bo\/mediamonitor\/wp-json\/wp\/v2\/posts\/44249","targetHints":{"allow":["GET"]}}],"collection":[{"href":"https:\/\/jms.com.bo\/mediamonitor\/wp-json\/wp\/v2\/posts"}],"about":[{"href":"https:\/\/jms.com.bo\/mediamonitor\/wp-json\/wp\/v2\/types\/post"}],"author":[{"embeddable":true,"href":"https:\/\/jms.com.bo\/mediamonitor\/wp-json\/wp\/v2\/users\/4"}],"replies":[{"embeddable":true,"href":"https:\/\/jms.com.bo\/mediamonitor\/wp-json\/wp\/v2\/comments?post=44249"}],"version-history":[{"count":0,"href":"https:\/\/jms.com.bo\/mediamonitor\/wp-json\/wp\/v2\/posts\/44249\/revisions"}],"wp:featuredmedia":[{"embeddable":true,"href":"https:\/\/jms.com.bo\/mediamonitor\/wp-json\/wp\/v2\/media\/44250"}],"wp:attachment":[{"href":"https:\/\/jms.com.bo\/mediamonitor\/wp-json\/wp\/v2\/media?parent=44249"}],"wp:term":[{"taxonomy":"category","embeddable":true,"href":"https:\/\/jms.com.bo\/mediamonitor\/wp-json\/wp\/v2\/categories?post=44249"},{"taxonomy":"post_tag","embeddable":true,"href":"https:\/\/jms.com.bo\/mediamonitor\/wp-json\/wp\/v2\/tags?post=44249"}],"curies":[{"name":"wp","href":"https:\/\/api.w.org\/{rel}","templated":true}]}}