{"id":44258,"date":"2023-02-17T07:17:01","date_gmt":"2023-02-17T11:17:01","guid":{"rendered":"https:\/\/jms.com.bo\/mediamonitor\/2023\/02\/17\/en-que-consiste-el-credito-de-us-500-millones-del-bid\/"},"modified":"2023-02-17T07:17:01","modified_gmt":"2023-02-17T11:17:01","slug":"en-que-consiste-el-credito-de-us-500-millones-del-bid","status":"publish","type":"post","link":"https:\/\/jms.com.bo\/mediamonitor\/2023\/02\/17\/en-que-consiste-el-credito-de-us-500-millones-del-bid\/","title":{"rendered":"\u00bfEn qu\u00e9 consiste el cr\u00e9dito de $us 500 millones del BID?"},"content":{"rendered":"<p style=\"text-align: justify;\">El Gobierno suscribi\u00f3 un contrato de cr\u00e9dito con el Banco Interamericano de Desarrollo (BID) por 500 millones de d\u00f3lares y busca su aprobaci\u00f3n en la Asamblea Legislativa y seg\u00fan inform\u00f3 el organismo internacional en su momento ser\u00e1 para que el Gobierno haga transferencias monetarias a poblaciones m\u00e1s vulnerables afectadas por la Covid-19.<\/p>\n<p style=\"text-align: justify;\">Se trata de un contrato por un valor de 500 millones de d\u00f3lares (500.000.000) para el proyecto \u201cApoyo a poblaciones vulnerables afectadas por Coronavirus II\u201d, suscrito entre el Estado Plurinacional de Bolivia y el BID el 24 de enero de este a\u00f1o.<\/p>\n<p style=\"text-align: justify;\">Este pr\u00e9stamo fue aprobado por el BID en octubre de 2021 con el t\u00edtulo \u201cBO-L1219 : Support for Vulnerable Populations Affected by Coronavirus II\u201d.<\/p>\n<p style=\"text-align: justify;\">Seg\u00fan inform\u00f3 el BID entonces, el proyecto apoyar\u00e1 los esfuerzos del Gobierno de Bolivia de apoyar a las poblaciones m\u00e1s vulnerables a enfrentar los efectos econ\u00f3micos de la pandemia. Para ello financiar\u00e1 el pago de una parte de los costos del Bono Contra el Hambre, un programa de transferencias monetarias creado en respuesta a la pandemia.<\/p>\n<p style=\"text-align: justify;\">El programa consiste en una transferencia realizada por \u00fanica vez a personas que no cuentan con un ingreso estable, al no recibir un sueldo del sector p\u00fablico o privado ni pensi\u00f3n o renta de la seguridad social a largo plazo.<\/p>\n<p style=\"text-align: justify;\">A su vez, seg\u00fan indic\u00f3 el BID, el proyecto financiar\u00e1 una parte de las transferencias monetarias del programa Renta Dignidad del que participan personas mayores de 60 a\u00f1os que no reciben ingresos por jubilaci\u00f3n.<\/p>\n<p style=\"text-align: justify;\">De acuerdo con la evaluaci\u00f3n del organismo internacional, la pandemia ha generado en Bolivia una contracci\u00f3n econ\u00f3mica significativa. En 2020, el Producto Interno Bruto (PIB) cay\u00f3 un 7.8%. En t\u00e9rminos laborales, la tasa de desocupaci\u00f3n pas\u00f3 del 4,3% durante el tercer trimestre del 2019 al 10,8% en el mismo periodo en 2020.<\/p>\n<p style=\"text-align: justify;\">La crisis, se\u00f1al\u00f3 el BID, afect\u00f3 particularmente el ingreso de los grupos m\u00e1s pobres y vulnerables, que dependen de sus actividades laborales, en gran parte informales, para sustentar su consumo. El proyecto busca beneficiar a alrededor de 458.000 personas del programa Renta Dignidad y a aproximadamente 1.7 millones de personas que recibieron pagos del Bono Contra el Hambre.<\/p>\n<p style=\"text-align: justify;\">El proyecto est\u00e1 alineado con las prioridades de la \u201cVisi\u00f3n 2025, agreg\u00f3 el BID.<\/p>\n<p style=\"text-align: justify;\">P\u00e1gina Siete solicit\u00f3 a la direcci\u00f3n de Comunicaci\u00f3n del Ministerio de Planificaci\u00f3n del Desarrollo, informaci\u00f3n acerca de los proyectos en los que invertir\u00e1n los 500 millones de d\u00f3lares del BID, pero no recibi\u00f3 respuesta.<\/p>\n","protected":false},"excerpt":{"rendered":"<p>El Gobierno suscribi\u00f3 un contrato de cr\u00e9dito con el Banco Interamericano de Desarrollo (BID) por 500 millones de d\u00f3lares y busca su aprobaci\u00f3n en la Asamblea Legislativa y seg\u00fan inform\u00f3 el organismo internacional en su momento ser\u00e1 para que el Gobierno haga transferencias monetarias a poblaciones m\u00e1s vulnerables afectadas por la Covid-19. Se trata de [&hellip;]<\/p>\n","protected":false},"author":4,"featured_media":44259,"comment_status":"open","ping_status":"open","sticky":false,"template":"","format":"standard","meta":{"footnotes":""},"categories":[25],"tags":[],"class_list":{"0":"post-44258","1":"post","2":"type-post","3":"status-publish","4":"format-standard","5":"has-post-thumbnail","7":"category-economia"},"_links":{"self":[{"href":"https:\/\/jms.com.bo\/mediamonitor\/wp-json\/wp\/v2\/posts\/44258","targetHints":{"allow":["GET"]}}],"collection":[{"href":"https:\/\/jms.com.bo\/mediamonitor\/wp-json\/wp\/v2\/posts"}],"about":[{"href":"https:\/\/jms.com.bo\/mediamonitor\/wp-json\/wp\/v2\/types\/post"}],"author":[{"embeddable":true,"href":"https:\/\/jms.com.bo\/mediamonitor\/wp-json\/wp\/v2\/users\/4"}],"replies":[{"embeddable":true,"href":"https:\/\/jms.com.bo\/mediamonitor\/wp-json\/wp\/v2\/comments?post=44258"}],"version-history":[{"count":0,"href":"https:\/\/jms.com.bo\/mediamonitor\/wp-json\/wp\/v2\/posts\/44258\/revisions"}],"wp:featuredmedia":[{"embeddable":true,"href":"https:\/\/jms.com.bo\/mediamonitor\/wp-json\/wp\/v2\/media\/44259"}],"wp:attachment":[{"href":"https:\/\/jms.com.bo\/mediamonitor\/wp-json\/wp\/v2\/media?parent=44258"}],"wp:term":[{"taxonomy":"category","embeddable":true,"href":"https:\/\/jms.com.bo\/mediamonitor\/wp-json\/wp\/v2\/categories?post=44258"},{"taxonomy":"post_tag","embeddable":true,"href":"https:\/\/jms.com.bo\/mediamonitor\/wp-json\/wp\/v2\/tags?post=44258"}],"curies":[{"name":"wp","href":"https:\/\/api.w.org\/{rel}","templated":true}]}}