{"id":44759,"date":"2023-02-27T06:57:09","date_gmt":"2023-02-27T10:57:09","guid":{"rendered":"https:\/\/jms.com.bo\/mediamonitor\/2023\/02\/27\/ende-invirtio-bs-2-515-millones-para-fortalecer-el-sistema-electrico-del-pais\/"},"modified":"2023-02-27T06:57:09","modified_gmt":"2023-02-27T10:57:09","slug":"ende-invirtio-bs-2-515-millones-para-fortalecer-el-sistema-electrico-del-pais","status":"publish","type":"post","link":"https:\/\/jms.com.bo\/mediamonitor\/2023\/02\/27\/ende-invirtio-bs-2-515-millones-para-fortalecer-el-sistema-electrico-del-pais\/","title":{"rendered":"ENDE invirti\u00f3 Bs 2.515 millones para fortalecer el sistema el\u00e9ctrico del pa\u00eds"},"content":{"rendered":"<p style=\"text-align: justify;\">ENDE Corporaci\u00f3n ejecut\u00f3 Bs 2.515 millones durante el a\u00f1o pasado en Proyectos de Electrificaci\u00f3n Rural y de Energ\u00edas Alternativas (PER) que beneficiaron a m\u00e1s de 78.000 familias del \u00e1rea urbana y rural.<\/p>\n<p style=\"text-align: justify;\">El presidente ejecutivo de ENDE Corporaci\u00f3n, Manuel Valle, dijo que gracias a ese trabajo, la cobertura de electricidad en el \u00e1rea rural lleg\u00f3 a 82,9% y en el al \u00e1rea urbana a 99,2%.<\/p>\n<p style=\"text-align: justify;\">\u201cGracias al trabajo constante y persistente hemos logrado estos niveles de electrificaci\u00f3n en nuestro pa\u00eds, podemos sentirnos orgullosos de tener un sistema el\u00e9ctrico, robusto y confiable que cada d\u00eda busca atender las necesidades hasta el \u00faltimo rinc\u00f3n del pa\u00eds\u201d, se\u00f1al\u00f3 Valle.<\/p>\n<p style=\"text-align: justify;\">En cuanto a generaci\u00f3n de energ\u00eda, destaca la construcci\u00f3n del proyecto hidroel\u00e9ctrico Ivirizu, en Cochabamba, que al proyectar una potencia de 290 megavatios (MW), se constituye como el proyecto de energ\u00eda hidr\u00e1ulica m\u00e1s importante del pa\u00eds.<\/p>\n<p style=\"text-align: justify;\">La construcci\u00f3n tiene un avance f\u00edsico del 70% y se destin\u00f3 un monto de inversi\u00f3n de Bs 3.827, 5 millones (cerca de $us 550 millones). Se prev\u00e9 su inauguraci\u00f3n el siguiente a\u00f1o.<\/p>\n<p style=\"text-align: justify;\">Por otro lado, se proyecta la construcci\u00f3n de la primera planta e\u00f3lica en Tarija y la ampliaci\u00f3n del parque e\u00f3lico Warnes en Santa Cruz.<\/p>\n<p style=\"text-align: justify;\">Tendido<\/p>\n<p style=\"text-align: justify;\">En cuanto al acceso a electricidad en los hogares bolivianos, ENDE construy\u00f3 m\u00e1s de 5.000 kil\u00f3metros de l\u00edneas el\u00e9ctricas de media y baja tensi\u00f3n para que 78.357 familias tengan energ\u00eda el\u00e9ctrica en sus hogares.<\/p>\n<p style=\"text-align: justify;\">Varios municipios del departamento de Beni, adem\u00e1s de Bermejo en Tarija y Camiri en Santa Cruz, ahora cuentan con energ\u00eda el\u00e9ctrica ininterrumpida, confiable y de calidad, gracias a los proyectos de transmisi\u00f3n que en 2022 permitieron la interconexi\u00f3n de estas poblaciones al Sistema Interconectado Nacional (SIN).<\/p>\n<p style=\"text-align: justify;\">Valle reafirm\u00f3 el compromiso de la empresa para fortalecer cada vez m\u00e1s el sistema el\u00e9ctrico en Bolivia, ya que \u201cson inversiones sociales que hacen que los bolivianos podamos vivir mejor, es un derecho el vivir de una manera m\u00e1s digna\u201d.<\/p>\n","protected":false},"excerpt":{"rendered":"<p>ENDE Corporaci\u00f3n ejecut\u00f3 Bs 2.515 millones durante el a\u00f1o pasado en Proyectos de Electrificaci\u00f3n Rural y de Energ\u00edas Alternativas (PER) que beneficiaron a m\u00e1s de 78.000 familias del \u00e1rea urbana y rural. El presidente ejecutivo de ENDE Corporaci\u00f3n, Manuel Valle, dijo que gracias a ese trabajo, la cobertura de electricidad en el \u00e1rea rural lleg\u00f3 [&hellip;]<\/p>\n","protected":false},"author":4,"featured_media":44760,"comment_status":"open","ping_status":"open","sticky":false,"template":"","format":"standard","meta":{"footnotes":""},"categories":[39,44,48],"tags":[],"class_list":{"0":"post-44759","1":"post","2":"type-post","3":"status-publish","4":"format-standard","5":"has-post-thumbnail","7":"category-energia","8":"category-portada-energia","9":"category-portada-general-sitio"},"_links":{"self":[{"href":"https:\/\/jms.com.bo\/mediamonitor\/wp-json\/wp\/v2\/posts\/44759","targetHints":{"allow":["GET"]}}],"collection":[{"href":"https:\/\/jms.com.bo\/mediamonitor\/wp-json\/wp\/v2\/posts"}],"about":[{"href":"https:\/\/jms.com.bo\/mediamonitor\/wp-json\/wp\/v2\/types\/post"}],"author":[{"embeddable":true,"href":"https:\/\/jms.com.bo\/mediamonitor\/wp-json\/wp\/v2\/users\/4"}],"replies":[{"embeddable":true,"href":"https:\/\/jms.com.bo\/mediamonitor\/wp-json\/wp\/v2\/comments?post=44759"}],"version-history":[{"count":0,"href":"https:\/\/jms.com.bo\/mediamonitor\/wp-json\/wp\/v2\/posts\/44759\/revisions"}],"wp:featuredmedia":[{"embeddable":true,"href":"https:\/\/jms.com.bo\/mediamonitor\/wp-json\/wp\/v2\/media\/44760"}],"wp:attachment":[{"href":"https:\/\/jms.com.bo\/mediamonitor\/wp-json\/wp\/v2\/media?parent=44759"}],"wp:term":[{"taxonomy":"category","embeddable":true,"href":"https:\/\/jms.com.bo\/mediamonitor\/wp-json\/wp\/v2\/categories?post=44759"},{"taxonomy":"post_tag","embeddable":true,"href":"https:\/\/jms.com.bo\/mediamonitor\/wp-json\/wp\/v2\/tags?post=44759"}],"curies":[{"name":"wp","href":"https:\/\/api.w.org\/{rel}","templated":true}]}}