{"id":44831,"date":"2023-02-28T06:43:14","date_gmt":"2023-02-28T10:43:14","guid":{"rendered":"https:\/\/jms.com.bo\/mediamonitor\/2023\/02\/28\/la-att-dice-que-el-informe-de-meta-no-tiene-pruebas-para-vincular-al-gobierno-con-cuentas-falsas\/"},"modified":"2023-02-28T06:43:14","modified_gmt":"2023-02-28T10:43:14","slug":"la-att-dice-que-el-informe-de-meta-no-tiene-pruebas-para-vincular-al-gobierno-con-cuentas-falsas","status":"publish","type":"post","link":"https:\/\/jms.com.bo\/mediamonitor\/2023\/02\/28\/la-att-dice-que-el-informe-de-meta-no-tiene-pruebas-para-vincular-al-gobierno-con-cuentas-falsas\/","title":{"rendered":"La ATT dice que el informe de Meta no tiene pruebas para vincular al Gobierno con cuentas falsas"},"content":{"rendered":"<p style=\"text-align: justify;\">La Autoridad de Telecomunicaciones y Transportes (ATT) asegur\u00f3 este lunes que el informe de la empresa Meta sobre la eliminaci\u00f3n de cuentas falsas de Facebook e Instagram no tiene pruebas para vincularlas con el Gobierno.<\/p>\n<p style=\"text-align: justify;\">El director jur\u00eddico de la ATT, Marcio Guti\u00e9rrez, inform\u00f3 que se analiz\u00f3 el informe emitido por Meta y que se trata de un reporte unilateral que no ofrece ning\u00fan documento de respaldo.<\/p>\n<p style=\"text-align: justify;\">\u201cRealizado el an\u00e1lisis respecto a ese reporte de Meta, no se evidencia ning\u00fan tipo de prueba, documentaci\u00f3n ni datos de respaldo que validen tales afirmaciones. Es decir que las cuentas que supuestamente son de identidad falsa tengan una relaci\u00f3n o v\u00ednculo con el Gobierno\u201d.<\/p>\n<p style=\"text-align: justify;\">Guti\u00e9rrez explic\u00f3 que Meta es una empresa privada y cuenta con el dominio de su informaci\u00f3n; sin embargo, no muestra respaldos sobre las publicaciones.<\/p>\n<p style=\"text-align: justify;\">A\u00f1adi\u00f3 que a\u00fan se analiza si se tomar\u00e1 alguna acci\u00f3n al respecto.<\/p>\n<p style=\"text-align: justify;\">Meta elimin\u00f3 cuentas<\/p>\n<p style=\"text-align: justify;\">La semana pasada, Meta anunci\u00f3 el desmantelamiento de una red de 1.600 cuentas falsas que operaban en las plataformas de Facebook e Instagram. Supuestamente estaban vinculadas al Gobierno de Bolivia para desacreditar a opositores y la difusi\u00f3n de mensajes oficialistas.<\/p>\n<p style=\"text-align: justify;\">Lea m\u00e1s: Tras denuncia de Morales, el Gobierno ordena auditar difusi\u00f3n de publicidad con medios y redes sociales<\/p>\n<p style=\"text-align: justify;\">Seg\u00fan Meta, estas cuentas estaban vinculadas al Movimiento Al Socialismo (MAS) y a sus \u201cguerreros digitales\u201d, y violaban las pol\u00edticas de esta transnacional.<\/p>\n<p style=\"text-align: justify;\">La publicaci\u00f3n gener\u00f3 mucha pol\u00e9mica. El jefe del MAS, Evo Morales, acus\u00f3 a la viceministra de Comunicaci\u00f3n, Gabriela Alc\u00f3n, y otra funcionaria del Ministerio de la Presidencia, de financiar esas cuentas.<\/p>\n<p style=\"text-align: justify;\">La viceministra neg\u00f3 esas acusaciones. Ratific\u00f3 que desde su despacho solo se usa dinero del Estado para fines de gesti\u00f3n gubernamental.<\/p>\n<p style=\"text-align: justify;\">Este lunes, el Gobierno orden\u00f3 auditar la difusi\u00f3n de informaci\u00f3n en medios de comunicaci\u00f3n y redes sociales para descartar cualquier sospecha de manipulaci\u00f3n.<\/p>\n","protected":false},"excerpt":{"rendered":"<p>La Autoridad de Telecomunicaciones y Transportes (ATT) asegur\u00f3 este lunes que el informe de la empresa Meta sobre la eliminaci\u00f3n de cuentas falsas de Facebook e Instagram no tiene pruebas para vincularlas con el Gobierno. El director jur\u00eddico de la ATT, Marcio Guti\u00e9rrez, inform\u00f3 que se analiz\u00f3 el informe emitido por Meta y que se [&hellip;]<\/p>\n","protected":false},"author":4,"featured_media":44832,"comment_status":"open","ping_status":"open","sticky":false,"template":"","format":"standard","meta":{"footnotes":""},"categories":[20],"tags":[],"class_list":{"0":"post-44831","1":"post","2":"type-post","3":"status-publish","4":"format-standard","5":"has-post-thumbnail","7":"category-actualidad"},"_links":{"self":[{"href":"https:\/\/jms.com.bo\/mediamonitor\/wp-json\/wp\/v2\/posts\/44831","targetHints":{"allow":["GET"]}}],"collection":[{"href":"https:\/\/jms.com.bo\/mediamonitor\/wp-json\/wp\/v2\/posts"}],"about":[{"href":"https:\/\/jms.com.bo\/mediamonitor\/wp-json\/wp\/v2\/types\/post"}],"author":[{"embeddable":true,"href":"https:\/\/jms.com.bo\/mediamonitor\/wp-json\/wp\/v2\/users\/4"}],"replies":[{"embeddable":true,"href":"https:\/\/jms.com.bo\/mediamonitor\/wp-json\/wp\/v2\/comments?post=44831"}],"version-history":[{"count":0,"href":"https:\/\/jms.com.bo\/mediamonitor\/wp-json\/wp\/v2\/posts\/44831\/revisions"}],"wp:featuredmedia":[{"embeddable":true,"href":"https:\/\/jms.com.bo\/mediamonitor\/wp-json\/wp\/v2\/media\/44832"}],"wp:attachment":[{"href":"https:\/\/jms.com.bo\/mediamonitor\/wp-json\/wp\/v2\/media?parent=44831"}],"wp:term":[{"taxonomy":"category","embeddable":true,"href":"https:\/\/jms.com.bo\/mediamonitor\/wp-json\/wp\/v2\/categories?post=44831"},{"taxonomy":"post_tag","embeddable":true,"href":"https:\/\/jms.com.bo\/mediamonitor\/wp-json\/wp\/v2\/tags?post=44831"}],"curies":[{"name":"wp","href":"https:\/\/api.w.org\/{rel}","templated":true}]}}