{"id":44833,"date":"2023-02-28T06:45:09","date_gmt":"2023-02-28T10:45:09","guid":{"rendered":"https:\/\/jms.com.bo\/mediamonitor\/2023\/02\/28\/la-ex-secretaria-de-finanzas-de-angelica-sosa-se-declara-culpable-en-el-caso-brt-y-pide-sentencia-de-3-anos\/"},"modified":"2023-02-28T06:45:09","modified_gmt":"2023-02-28T10:45:09","slug":"la-ex-secretaria-de-finanzas-de-angelica-sosa-se-declara-culpable-en-el-caso-brt-y-pide-sentencia-de-3-anos","status":"publish","type":"post","link":"https:\/\/jms.com.bo\/mediamonitor\/2023\/02\/28\/la-ex-secretaria-de-finanzas-de-angelica-sosa-se-declara-culpable-en-el-caso-brt-y-pide-sentencia-de-3-anos\/","title":{"rendered":"La ex secretaria de Finanzas de Ang\u00e9lica Sosa se declara culpable en el caso BRT y pide sentencia de 3 a\u00f1os"},"content":{"rendered":"<p style=\"text-align: justify;\">Sandra Velarde Casal, exsecretaria municipal de Administraci\u00f3n y Finanzas de la Alcald\u00eda de Santa Cruz de la Sierra, de la gesti\u00f3n de Ang\u00e9lica Sosa, se declar\u00f3 culpable del delito de incumplimiento de deberes, que habr\u00eda cometido durante la ejecuci\u00f3n del sistema de buses de tr\u00e1nsito r\u00e1pido (BRT) y pidi\u00f3 una condena de tres a\u00f1os de prisi\u00f3n.<\/p>\n<p style=\"text-align: justify;\">Velarde fue la \u00faltima acusada por el caso BRT, pues reci\u00e9n fue imputada la primera semana de noviembre de 2022, a trav\u00e9s de una ampliaci\u00f3n al proceso que present\u00f3 la Fiscal\u00eda al Juzgado Primero de Anticorrupci\u00f3n de la capital cruce\u00f1a.<\/p>\n<p style=\"text-align: justify;\">En el memorial de la acusada, al que tuvo acceso EL DEBER, que fue presentado por sus abogados: F\u00e1tima Zambrana y Fernanda Orellana, al fiscal Alexander Mendoza, se declara culpable solamente del delito de incumplimiento de deberes, que tiene una pena de 1 a 4 a\u00f1os de c\u00e1rcel.<\/p>\n<p style=\"text-align: justify;\">Sin embargo, en el proceso que inici\u00f3 la Fiscal\u00eda por la ejecuci\u00f3n del proyecto BRT tambi\u00e9n se encuentran los supuestos delitos de conducta antiecon\u00f3mica y uso indebido de influencias. En este caso tambi\u00e9n hay otros 10 imputados, entre ellos la exalcaldesa Ang\u00e9lica Sosa.<\/p>\n<p style=\"text-align: justify;\">Velarde pide una pena de tres a\u00f1os de c\u00e1rcel a cumplir en Palmasola, por uno de los tres delitos del caso BRT. Esta propuesta de procedimiento abreviado, en la que rechaza ir a un juicio oral, fue firmada por la imputada el pasado 13 de febrero en la cl\u00ednica Kamiya, donde se encuentra internada desde el 8 de diciembre de 2022.<\/p>\n<p style=\"text-align: justify;\">Ahora se espera que la Fiscal\u00eda acepte o rechace este pedido de una de las acusadas. Si se diera curso, se deber\u00e1 fijar fecha y hora para llevar la audiencia de Sandra Velarde, como se lo hizo el 22 de diciembre del a\u00f1o pasado, cuando fue sentenciada a tres a\u00f1os prisi\u00f3n por los delitos de incumplimiento de deberes y conducta antiecon\u00f3mica, de los que se declar\u00f3 culpable dentro del caso denominado \u201ccontratos irregulares\u201d, que tuvo una afectaci\u00f3n de Bs 25,6 millones a la Alcald\u00eda.<\/p>\n<p style=\"text-align: justify;\">Los otros acusados del caso BRT son: Percy Fern\u00e1ndez (exalcalde), Ang\u00e9lica Sosa (expresidenta del Concejo Municipal y exalcaldesa interina), Lucy Mariel L\u00f3pez Quiroga (exdirectora de Transporte y Vialidad), Rub\u00e9n Dar\u00edo Rivero Gallardo (exjefe Dpto. de Transporte P\u00fablico Gesti\u00f3n de Tr\u00e1mites y Autorizaciones), Emilse Sengler Fern\u00e1ndez (exjefe Dpto. Administrativo SEMURB), Jorge Humberto Ortiz Bruno (exjefe Dpto. Estad\u00edsticas y Planificaci\u00f3n del Transporte P\u00fablico Urbano), Rolando Pedro Rivera Correa (exsecretario Municipal de Movilidad Urbana), Nancy Roca Mart\u00ednez (Profesional \u00abA&#8217; Abogado), Jorge Luis \u00c9g\u00fcez Rivero (Profesional \u00abA\u00bb Abogado) y Percy Rojas Lim\u00f3n, presidente de la empresa Chuturub\u00ed de la l\u00ednea 17 y 18, que se adjudic\u00f3 el contrato de concesi\u00f3n del BRT.<\/p>\n","protected":false},"excerpt":{"rendered":"<p>Sandra Velarde Casal, exsecretaria municipal de Administraci\u00f3n y Finanzas de la Alcald\u00eda de Santa Cruz de la Sierra, de la gesti\u00f3n de Ang\u00e9lica Sosa, se declar\u00f3 culpable del delito de incumplimiento de deberes, que habr\u00eda cometido durante la ejecuci\u00f3n del sistema de buses de tr\u00e1nsito r\u00e1pido (BRT) y pidi\u00f3 una condena de tres a\u00f1os de [&hellip;]<\/p>\n","protected":false},"author":4,"featured_media":44834,"comment_status":"open","ping_status":"open","sticky":false,"template":"","format":"standard","meta":{"footnotes":""},"categories":[20,47,48],"tags":[],"class_list":{"0":"post-44833","1":"post","2":"type-post","3":"status-publish","4":"format-standard","5":"has-post-thumbnail","7":"category-actualidad","8":"category-portada-actualidad","9":"category-portada-general-sitio"},"_links":{"self":[{"href":"https:\/\/jms.com.bo\/mediamonitor\/wp-json\/wp\/v2\/posts\/44833","targetHints":{"allow":["GET"]}}],"collection":[{"href":"https:\/\/jms.com.bo\/mediamonitor\/wp-json\/wp\/v2\/posts"}],"about":[{"href":"https:\/\/jms.com.bo\/mediamonitor\/wp-json\/wp\/v2\/types\/post"}],"author":[{"embeddable":true,"href":"https:\/\/jms.com.bo\/mediamonitor\/wp-json\/wp\/v2\/users\/4"}],"replies":[{"embeddable":true,"href":"https:\/\/jms.com.bo\/mediamonitor\/wp-json\/wp\/v2\/comments?post=44833"}],"version-history":[{"count":0,"href":"https:\/\/jms.com.bo\/mediamonitor\/wp-json\/wp\/v2\/posts\/44833\/revisions"}],"wp:featuredmedia":[{"embeddable":true,"href":"https:\/\/jms.com.bo\/mediamonitor\/wp-json\/wp\/v2\/media\/44834"}],"wp:attachment":[{"href":"https:\/\/jms.com.bo\/mediamonitor\/wp-json\/wp\/v2\/media?parent=44833"}],"wp:term":[{"taxonomy":"category","embeddable":true,"href":"https:\/\/jms.com.bo\/mediamonitor\/wp-json\/wp\/v2\/categories?post=44833"},{"taxonomy":"post_tag","embeddable":true,"href":"https:\/\/jms.com.bo\/mediamonitor\/wp-json\/wp\/v2\/tags?post=44833"}],"curies":[{"name":"wp","href":"https:\/\/api.w.org\/{rel}","templated":true}]}}