{"id":44835,"date":"2023-02-28T06:46:26","date_gmt":"2023-02-28T10:46:26","guid":{"rendered":"https:\/\/jms.com.bo\/mediamonitor\/2023\/02\/28\/asamblea-crucena-envia-a-comision-de-constitucion-proyecto-de-ley-para-definir-ausencia-temporal\/"},"modified":"2023-02-28T06:46:26","modified_gmt":"2023-02-28T10:46:26","slug":"asamblea-crucena-envia-a-comision-de-constitucion-proyecto-de-ley-para-definir-ausencia-temporal","status":"publish","type":"post","link":"https:\/\/jms.com.bo\/mediamonitor\/2023\/02\/28\/asamblea-crucena-envia-a-comision-de-constitucion-proyecto-de-ley-para-definir-ausencia-temporal\/","title":{"rendered":"Asamblea cruce\u00f1a env\u00eda a Comisi\u00f3n de Constituci\u00f3n proyecto de ley para definir ausencia temporal"},"content":{"rendered":"<p style=\"text-align: justify;\">El presidente de la Asamblea Legislativa Departamental (ALD) de Santa Cruz, Zvonko Matkovic, inform\u00f3 este lunes que se envi\u00f3 a la Comisi\u00f3n de Constituci\u00f3n y Gobierno un proyecto de ley, redactado por la bancada oficialista, que defina la ausencia temporal y, as\u00ed, se determine la situaci\u00f3n del gobernador cruce\u00f1o Fernando Camacho.<\/p>\n<p style=\"text-align: justify;\">El legislativo cruce\u00f1o dio curso a este tr\u00e1mite luego de que la Justicia le orden\u00f3, la semana pasada, definir con exactitud qu\u00e9 se entiende por ausencia temporal de la autoridad departamental, para luego establecer la situaci\u00f3n de Camacho, quien cumple una detenci\u00f3n preventiva en el penal de Chonchocoro desde fines de diciembre de 2022. As\u00ed, definir\u00e1 si el Gobernador se mantiene en el cargo o es reemplazado por el vicegobernador Mario Aguilera, tal como exige el MAS.<\/p>\n<p style=\"text-align: justify;\">En cuanto a los plazos, Matkovic precis\u00f3 que la citada comisi\u00f3n legislativa tiene 10 d\u00edas para emitir un informe al pleno de la ALD cruce\u00f1a, plazo que puede extenderse por cinco d\u00edas m\u00e1s.<\/p>\n<p style=\"text-align: justify;\">La autoridad legislativa departamental advirti\u00f3 que no es tan importante el plazo como el trabajo que debe realizar la comisi\u00f3n, pues debe analizar el proyecto de ley para que no haya conflicto de competencias y est\u00e9 en el marco de la Constituci\u00f3n Pol\u00edtica del Estado.<\/p>\n<p style=\"text-align: justify;\">Matkovic lament\u00f3 que hasta ahora la Justicia no haya notificado su decisi\u00f3n de manera formal a la ALD. No obstante, inform\u00f3 que envi\u00f3 a la Comisi\u00f3n de Constituci\u00f3n un disco que contiene la grabaci\u00f3n de la audiencia de la semana pasada en la que le orden\u00f3 definir el t\u00e9rmino ausencia temporal de la autoridad departamental.<\/p>\n","protected":false},"excerpt":{"rendered":"<p>El presidente de la Asamblea Legislativa Departamental (ALD) de Santa Cruz, Zvonko Matkovic, inform\u00f3 este lunes que se envi\u00f3 a la Comisi\u00f3n de Constituci\u00f3n y Gobierno un proyecto de ley, redactado por la bancada oficialista, que defina la ausencia temporal y, as\u00ed, se determine la situaci\u00f3n del gobernador cruce\u00f1o Fernando Camacho. El legislativo cruce\u00f1o dio [&hellip;]<\/p>\n","protected":false},"author":4,"featured_media":44836,"comment_status":"open","ping_status":"open","sticky":false,"template":"","format":"standard","meta":{"footnotes":""},"categories":[18],"tags":[],"class_list":{"0":"post-44835","1":"post","2":"type-post","3":"status-publish","4":"format-standard","5":"has-post-thumbnail","7":"category-politica"},"_links":{"self":[{"href":"https:\/\/jms.com.bo\/mediamonitor\/wp-json\/wp\/v2\/posts\/44835","targetHints":{"allow":["GET"]}}],"collection":[{"href":"https:\/\/jms.com.bo\/mediamonitor\/wp-json\/wp\/v2\/posts"}],"about":[{"href":"https:\/\/jms.com.bo\/mediamonitor\/wp-json\/wp\/v2\/types\/post"}],"author":[{"embeddable":true,"href":"https:\/\/jms.com.bo\/mediamonitor\/wp-json\/wp\/v2\/users\/4"}],"replies":[{"embeddable":true,"href":"https:\/\/jms.com.bo\/mediamonitor\/wp-json\/wp\/v2\/comments?post=44835"}],"version-history":[{"count":0,"href":"https:\/\/jms.com.bo\/mediamonitor\/wp-json\/wp\/v2\/posts\/44835\/revisions"}],"wp:featuredmedia":[{"embeddable":true,"href":"https:\/\/jms.com.bo\/mediamonitor\/wp-json\/wp\/v2\/media\/44836"}],"wp:attachment":[{"href":"https:\/\/jms.com.bo\/mediamonitor\/wp-json\/wp\/v2\/media?parent=44835"}],"wp:term":[{"taxonomy":"category","embeddable":true,"href":"https:\/\/jms.com.bo\/mediamonitor\/wp-json\/wp\/v2\/categories?post=44835"},{"taxonomy":"post_tag","embeddable":true,"href":"https:\/\/jms.com.bo\/mediamonitor\/wp-json\/wp\/v2\/tags?post=44835"}],"curies":[{"name":"wp","href":"https:\/\/api.w.org\/{rel}","templated":true}]}}