{"id":44837,"date":"2023-02-28T06:47:45","date_gmt":"2023-02-28T10:47:45","guid":{"rendered":"https:\/\/jms.com.bo\/mediamonitor\/2023\/02\/28\/arce-y-choquehuanca-estaran-en-la-sesion-de-honor-por-el-aniversario-de-el-alto-entregaran-obras\/"},"modified":"2023-02-28T06:47:45","modified_gmt":"2023-02-28T10:47:45","slug":"arce-y-choquehuanca-estaran-en-la-sesion-de-honor-por-el-aniversario-de-el-alto-entregaran-obras","status":"publish","type":"post","link":"https:\/\/jms.com.bo\/mediamonitor\/2023\/02\/28\/arce-y-choquehuanca-estaran-en-la-sesion-de-honor-por-el-aniversario-de-el-alto-entregaran-obras\/","title":{"rendered":"Arce y Choquehuanca estar\u00e1n en la Sesi\u00f3n de Honor por el aniversario de El Alto, entregar\u00e1n obras"},"content":{"rendered":"<p style=\"text-align: justify;\">El presidente del Concejo Municipal El Alto, Rogelio Maldonado, confirm\u00f3 la presencia del presidente Luis Arce y del vicepresidente David Choquehuanca. El 6 de marzo, en la sesi\u00f3n de honor, por el 38 aniversario de El Alto.<\/p>\n<p style=\"text-align: justify;\">El acto se desarrollar\u00e1 a las 11.00 en instalaciones del sal\u00f3n principal del Jach\u2019a Uta, edificio de la Alcald\u00eda alte\u00f1a.<\/p>\n<p style=\"text-align: justify;\">\u201cEstamos muy agradecidos por su presencia y que los mismos van a ser recibidos como corresponde\u201d. Confirm\u00f3 el concejal Maldonado quien sostuvo que se coordina el programa y el protocolo de los actos junto a la comuna.<\/p>\n<p style=\"text-align: justify;\">Por su parte, la viceministra de Comunicaci\u00f3n, Gabriela Alc\u00f3n, inform\u00f3 que el Gobierno nacional ajusta la agenda. Es decir, planifica la entrega de obras y anunci\u00f3 \u201csorpresas\u201d para esa ciudad.<\/p>\n<p style=\"text-align: justify;\">Sesi\u00f3n<\/p>\n<p style=\"text-align: justify;\">\u201cYa estamos haciendo la agenda con el presidente Luis Arce\u00bb. \u00abTomando en cuenta que estamos a pocos d\u00edas del aniversario de la ciudad de El Alto\u00bb. \u00abVamos a tener obras para entregar por eso se ha coordinado con los distintos sectores\u201d, precis\u00f3.<\/p>\n<p style=\"text-align: justify;\">La viceministra reiter\u00f3 que a v\u00edsperas del aniversario de ese municipio se \u201cajusta\u201d la agenda de entrega de obras, en coordinaci\u00f3n con distintos sectores, considerando el desarrollo y la reactivaci\u00f3n econ\u00f3mica.<\/p>\n<p style=\"text-align: justify;\">\u201cPrecisamente, estamos viendo y ajustando la agenda para que hasta el 6 de marzo tengamos sorpresas y temas muy importantes\u201d, se\u00f1al\u00f3 la autoridad, quien precis\u00f3 que en los siguientes d\u00edas se dar\u00e1 a conocer qu\u00e9 obras ser\u00e1n entregadas.<\/p>\n<p style=\"text-align: justify;\">Arce<\/p>\n<p style=\"text-align: justify;\">Afirm\u00f3 que, acompa\u00f1ado de sus ministros, el mandatario de Estado entregar\u00e1 obras a El Alto, adem\u00e1s participar\u00e1 de los actos oficiales, en los que podr\u00e1 encontrarse con la poblaci\u00f3n de este importante municipio.<\/p>\n<p style=\"text-align: justify;\">El Alto fue creado el 6 de marzo de 1985, mediante la Ley 728, y tres a\u00f1os despu\u00e9s fue elevado a rango de ciudad a trav\u00e9s de la Ley 1014.<\/p>\n","protected":false},"excerpt":{"rendered":"<p>El presidente del Concejo Municipal El Alto, Rogelio Maldonado, confirm\u00f3 la presencia del presidente Luis Arce y del vicepresidente David Choquehuanca. El 6 de marzo, en la sesi\u00f3n de honor, por el 38 aniversario de El Alto. El acto se desarrollar\u00e1 a las 11.00 en instalaciones del sal\u00f3n principal del Jach\u2019a Uta, edificio de la [&hellip;]<\/p>\n","protected":false},"author":4,"featured_media":44838,"comment_status":"open","ping_status":"open","sticky":false,"template":"","format":"standard","meta":{"footnotes":""},"categories":[18],"tags":[],"class_list":{"0":"post-44837","1":"post","2":"type-post","3":"status-publish","4":"format-standard","5":"has-post-thumbnail","7":"category-politica"},"_links":{"self":[{"href":"https:\/\/jms.com.bo\/mediamonitor\/wp-json\/wp\/v2\/posts\/44837","targetHints":{"allow":["GET"]}}],"collection":[{"href":"https:\/\/jms.com.bo\/mediamonitor\/wp-json\/wp\/v2\/posts"}],"about":[{"href":"https:\/\/jms.com.bo\/mediamonitor\/wp-json\/wp\/v2\/types\/post"}],"author":[{"embeddable":true,"href":"https:\/\/jms.com.bo\/mediamonitor\/wp-json\/wp\/v2\/users\/4"}],"replies":[{"embeddable":true,"href":"https:\/\/jms.com.bo\/mediamonitor\/wp-json\/wp\/v2\/comments?post=44837"}],"version-history":[{"count":0,"href":"https:\/\/jms.com.bo\/mediamonitor\/wp-json\/wp\/v2\/posts\/44837\/revisions"}],"wp:featuredmedia":[{"embeddable":true,"href":"https:\/\/jms.com.bo\/mediamonitor\/wp-json\/wp\/v2\/media\/44838"}],"wp:attachment":[{"href":"https:\/\/jms.com.bo\/mediamonitor\/wp-json\/wp\/v2\/media?parent=44837"}],"wp:term":[{"taxonomy":"category","embeddable":true,"href":"https:\/\/jms.com.bo\/mediamonitor\/wp-json\/wp\/v2\/categories?post=44837"},{"taxonomy":"post_tag","embeddable":true,"href":"https:\/\/jms.com.bo\/mediamonitor\/wp-json\/wp\/v2\/tags?post=44837"}],"curies":[{"name":"wp","href":"https:\/\/api.w.org\/{rel}","templated":true}]}}