{"id":44839,"date":"2023-02-28T06:49:40","date_gmt":"2023-02-28T10:49:40","guid":{"rendered":"https:\/\/jms.com.bo\/mediamonitor\/2023\/02\/28\/ven-que-intento-de-revocatorio-a-luis-arce-puede-ser-un-caballo-de-troya-para-el-ala-radical-del-mas\/"},"modified":"2023-02-28T06:49:40","modified_gmt":"2023-02-28T10:49:40","slug":"ven-que-intento-de-revocatorio-a-luis-arce-puede-ser-un-caballo-de-troya-para-el-ala-radical-del-mas","status":"publish","type":"post","link":"https:\/\/jms.com.bo\/mediamonitor\/2023\/02\/28\/ven-que-intento-de-revocatorio-a-luis-arce-puede-ser-un-caballo-de-troya-para-el-ala-radical-del-mas\/","title":{"rendered":"Ven que intento de revocatorio a Luis Arce puede ser un \u201cCaballo de Troya\u201d para el ala radical del MAS"},"content":{"rendered":"<p style=\"text-align: justify;\">El pedido de revocatorio al presidente Luis Arce puede convertirse en un \u201cCaballo de Troya\u201d para que retorne al poder el ala radical del MAS, opinan analistas y pol\u00edticos. El l\u00edder cruce\u00f1o Fernando Larach se da un tiempo, primero para reunirse con los c\u00edvicos de todo el pa\u00eds y para esperar que el mandatario cumpla la mitad de su gesti\u00f3n, uno de los requisitos vitales.<\/p>\n<p style=\"text-align: justify;\">\u201cPuede ser un Caballo de Troya para distraer la atenci\u00f3n de peleas reales, porque no existen las condiciones afectivas para tener un refer\u00e9ndum revocatorio al Presidente y en el caso de que se alinearan los astros y se consiguiera el revocatorio a Arce, las posibilidades son: de que \u00e9l salga fortalecido o que retorne (Evo) Morales\u201d, opin\u00f3 el analista pol\u00edtico cruce\u00f1o Rolando Schrupp.<\/p>\n<p style=\"text-align: justify;\">El cabildo c\u00edvico nacional del 25 de enero dio un mes al presidente Luis Arce para que d\u00e9 amnist\u00eda a los presos pol\u00edticos del pa\u00eds, el plazo acab\u00f3 el s\u00e1bado 25, de lo contrario impulsar\u00e1n un revocatorio.<\/p>\n<p style=\"text-align: justify;\">El Gobierno confirm\u00f3 que no dar\u00e1 ninguna amnist\u00eda a los presos pol\u00edticos y ante ello Larach se\u00f1al\u00f3 este lunes que se reunir\u00e1 con el movimiento c\u00edvico nacional para definir los pr\u00f3ximos pasos, aunque admiti\u00f3 que para activar aquella iniciativa Arce debe cumplir la mitad de su mandato es decir junio. \u201cTenemos tiempo indudablemente para la coordinaci\u00f3n a nivel nacional con los otros comit\u00e9s c\u00edvicos\u201d, sostuvo el c\u00edvico.<\/p>\n<p style=\"text-align: justify;\">\u201cEl remedio peor que la enfermedad\u201d<\/p>\n<p style=\"text-align: justify;\">La figura literaria del \u201cCaballo de Troya\u201d, un artilugio utilizado en la antig\u00fcedad parar introducir un grupo de soldados y as\u00ed sorprender a sus enemigos en un supuesto obsequio, fue citado tambi\u00e9n por el diputado constitucionalista de Comunidad Ciudadana (CC) Carlos Alarc\u00f3n para ejemplificar c\u00f3mo el ala radical del MAS puede ser el triunfador, si se impulsa el revocatorio a Arce.<\/p>\n<p style=\"text-align: justify;\">\u201cEl remedio puede ser peor que la enfermedad\u201d, indic\u00f3 Alarc\u00f3n para quien una de las posibilidades es que Arce resulte eventualmente ganador y m\u00e1s potenciado, como sucedi\u00f3 con Evo Morales que venci\u00f3 en el revocatorio de 2008 con el 67,43%.<\/p>\n<p style=\"text-align: justify;\">Y si, al final un opositor fuese vencedor en el revocatorio tendr\u00e1 en contra a la Asamblea Legislativa Plurinacional (ALP) que es dominada por el MAS y el pedido de amnist\u00eda de los presos puede ser rechazado como ya lo advirti\u00f3 el mismo Evo Morales.<\/p>\n<p style=\"text-align: justify;\">Los tiempos tambi\u00e9n van en contra. El Presidente que sea electo en el refer\u00e9ndum tendr\u00e1 menos de un a\u00f1o y medio para gobernar, no cinco a\u00f1os porque la norma habla de que se debe completar el periodo que se inici\u00f3 en 2020.<\/p>\n<p style=\"text-align: justify;\">Por ello, esa coyuntura puede favorecer para la candidatura de Evo Morales. \u201cInclusive hasta ser\u00eda tentador para que Morales se lance a la piscina (a las Elecciones 2025) porque tendr\u00eda una asamblea con mayor\u00eda del MAS\u201d.<\/p>\n<p style=\"text-align: justify;\">La crisis econ\u00f3mica que vive el pa\u00eds, puede jugarle en contra a Luis Arce y el revocatorio puede convertirse en una suerte de \u201cCaballo de Troya para que entre Evo Morales\u201d, y as\u00ed regrese al poder.<\/p>\n<p style=\"text-align: justify;\">\u201cNo hay condiciones\u201d<\/p>\n<p style=\"text-align: justify;\">El analista pol\u00edtico Jos\u00e9 Peralta percibe que en este momento no est\u00e1n dadas las condiciones para impulsar un revocatorio a Luis Arce.<\/p>\n<p style=\"text-align: justify;\">\u201cPrimero hay que preguntarse si se puede aplicar el revocatorio, porque debe verlo el Tribunal Supremo Electoral, el Tribunal Constitucional Plurinacional y la Asamblea Legislativa debe aprobarla\u201d, asever\u00f3 el experto para quien los tiempos tambi\u00e9n juegan en contra. El diputado masista Andr\u00e9s Flores ratific\u00f3 este lunes que la ALP no aprobar\u00e1 ning\u00fan pedido de revocatoria.<\/p>\n<p style=\"text-align: justify;\">Por su lado, el senador de Creemos Henry Montero dijo que m\u00e1s all\u00e1 de qui\u00e9n pueda ser beneficiado en un eventual revocatorio, se debe cumplir el mandato c\u00edvico. \u201cNosotros respetamos la decisi\u00f3n del soberano que ha manifestado que deber\u00eda haber un revocatorio si en caso no hay amnist\u00eda para los presos pol\u00edticos, los c\u00edvicos de Bolivia est\u00e1n manejando este tema\u201d, puntualiz\u00f3.<\/p>\n<p style=\"text-align: justify;\">\n","protected":false},"excerpt":{"rendered":"<p>El pedido de revocatorio al presidente Luis Arce puede convertirse en un \u201cCaballo de Troya\u201d para que retorne al poder el ala radical del MAS, opinan analistas y pol\u00edticos. El l\u00edder cruce\u00f1o Fernando Larach se da un tiempo, primero para reunirse con los c\u00edvicos de todo el pa\u00eds y para esperar que el mandatario cumpla [&hellip;]<\/p>\n","protected":false},"author":4,"featured_media":44840,"comment_status":"open","ping_status":"open","sticky":false,"template":"","format":"standard","meta":{"footnotes":""},"categories":[18,48,46],"tags":[],"class_list":{"0":"post-44839","1":"post","2":"type-post","3":"status-publish","4":"format-standard","5":"has-post-thumbnail","7":"category-politica","8":"category-portada-general-sitio","9":"category-portada-politica"},"_links":{"self":[{"href":"https:\/\/jms.com.bo\/mediamonitor\/wp-json\/wp\/v2\/posts\/44839","targetHints":{"allow":["GET"]}}],"collection":[{"href":"https:\/\/jms.com.bo\/mediamonitor\/wp-json\/wp\/v2\/posts"}],"about":[{"href":"https:\/\/jms.com.bo\/mediamonitor\/wp-json\/wp\/v2\/types\/post"}],"author":[{"embeddable":true,"href":"https:\/\/jms.com.bo\/mediamonitor\/wp-json\/wp\/v2\/users\/4"}],"replies":[{"embeddable":true,"href":"https:\/\/jms.com.bo\/mediamonitor\/wp-json\/wp\/v2\/comments?post=44839"}],"version-history":[{"count":0,"href":"https:\/\/jms.com.bo\/mediamonitor\/wp-json\/wp\/v2\/posts\/44839\/revisions"}],"wp:featuredmedia":[{"embeddable":true,"href":"https:\/\/jms.com.bo\/mediamonitor\/wp-json\/wp\/v2\/media\/44840"}],"wp:attachment":[{"href":"https:\/\/jms.com.bo\/mediamonitor\/wp-json\/wp\/v2\/media?parent=44839"}],"wp:term":[{"taxonomy":"category","embeddable":true,"href":"https:\/\/jms.com.bo\/mediamonitor\/wp-json\/wp\/v2\/categories?post=44839"},{"taxonomy":"post_tag","embeddable":true,"href":"https:\/\/jms.com.bo\/mediamonitor\/wp-json\/wp\/v2\/tags?post=44839"}],"curies":[{"name":"wp","href":"https:\/\/api.w.org\/{rel}","templated":true}]}}