{"id":44841,"date":"2023-02-28T06:51:05","date_gmt":"2023-02-28T10:51:05","guid":{"rendered":"https:\/\/jms.com.bo\/mediamonitor\/2023\/02\/28\/jaime-dunn-el-bcb-genero-un-mercado-paralelo-del-dolar-al-crear-cambios-preferenciales-a-los-exportadores\/"},"modified":"2023-02-28T06:51:05","modified_gmt":"2023-02-28T10:51:05","slug":"jaime-dunn-el-bcb-genero-un-mercado-paralelo-del-dolar-al-crear-cambios-preferenciales-a-los-exportadores","status":"publish","type":"post","link":"https:\/\/jms.com.bo\/mediamonitor\/2023\/02\/28\/jaime-dunn-el-bcb-genero-un-mercado-paralelo-del-dolar-al-crear-cambios-preferenciales-a-los-exportadores\/","title":{"rendered":"Jaime Dunn: el BCB gener\u00f3 un mercado paralelo del d\u00f3lar al crear cambios preferenciales a los exportadores"},"content":{"rendered":"<p style=\"text-align: justify;\">El Banco Central de Bolivia (BCB) gener\u00f3 un mercado paralelo del d\u00f3lar al crear cambios preferenciales de la moneda extranjera para los exportadores, afirm\u00f3 el consultor internacional y experto en finanzas, Jaime Dunn. Advirti\u00f3 que en el pa\u00eds la econom\u00eda informal, que mueve $us 7.000 millones ha sido la que ha garantizado que la oferta y la demanda del d\u00f3lar calcen.<\/p>\n<p style=\"text-align: justify;\">\u201cEl rato que el BCB le dice a los exportadores, te voy a pagar m\u00e1s, lo que ha hecho es crear otro mercado paralelo \u2013dentro de la banda- para los exportadores. El problema es cuando el mercado paralelo se mueve fuera de la banda oficial, ese es el tipo de mercado que no queremos tener y es la se\u00f1al de que la demanda de d\u00f3lares no est\u00e1 siendo satisfecha por la oferta de d\u00f3lares que hay en ese momento\u201d, afirm\u00f3 a Br\u00fajula Digital.<\/p>\n<p style=\"text-align: justify;\">El experto explic\u00f3 que en Bolivia y en cualquier pa\u00eds donde hay un tipo de cambio, por m\u00e1s fijo que sea, siempre habr\u00e1 un mercado paralelo. \u201cPor ejemplo, el mercado paralelo en el pa\u00eds, que es monitoreado por el BCB, es un mercado donde la banda est\u00e1 por 6,86 bolivianos (por d\u00f3lar), pero tienes empresas que siempre tuvieron un tipo de cambio preferente, que se han movido dentro de la banda, pero m\u00e1s cerrada\u201d, explic\u00f3.<\/p>\n<p style=\"text-align: justify;\">En ese marco dijo que hay que cuidar mucho de que ese tipo de cambio en el mercado paralelo se vaya a salir de manera significativa del tipo de cambio de la banda oficial, para lo cual es importante apuntalar a las reservas internacionales.<\/p>\n<p style=\"text-align: justify;\">En un contexto de descenso de las Reservas Internacionales Netas (RIN), el Banco Central de Bolivia (BCB) anunci\u00f3 ayer la compra de divisas al sector exportador con un tipo de cambio de 6,95 bolivianos por d\u00f3lar, superior al valor que ofrece el sistema financiero. Con la medida, el BCB espera captar al menos unos 1.000 millones de d\u00f3lares.<\/p>\n<p style=\"text-align: justify;\">\u201cLos bancos privados mantienen sus d\u00f3lares fuera del circuito del BCB, por eso es que el Gobierno ha tomado la decisi\u00f3n de atraer d\u00f3lares al BCB a trav\u00e9s del Banco Uni\u00f3n, con esta su pol\u00edtica de dar un tipo de cambio preferencial. Entonces, hemos llegado a un punto donde la econom\u00eda ya no se est\u00e1 moviendo necesariamente por indicadores, ha llegado un punto en el que las expectativas de la gente empieza a tomar un rol mucho m\u00e1s importante que los n\u00fameros\u201d, afirm\u00f3.<\/p>\n<p style=\"text-align: justify;\">Consider\u00f3 que la falta de d\u00f3lares en la banca se deba a una falta de coordinaci\u00f3n entre el BCB y las entidades de intermediaci\u00f3n financiera, sin embargo insisti\u00f3 que es el Gobierno el que debe explicar.<\/p>\n<p style=\"text-align: justify;\">\u00abEl Gobierno deber\u00eda explicar: los d\u00f3lares en este momento no est\u00e1n llegando a los bancos por estas razones, y las medidas que hemos tomado son estas, y en los pr\u00f3ximos seis, siete d\u00edas se va a normalizar (\u2026). Pero cuando las autoridades no atienden a las preguntas que les hace la prensa y por el otro lado dicen que no pasa nada, que todo est\u00e1 bien, lo \u00fanico que est\u00e1n haciendo es generar m\u00e1s desconfianza\u201d, asegur\u00f3.<\/p>\n<p style=\"text-align: justify;\">La econom\u00eda informal y su impacto en la oferta y la demanda<\/p>\n<p style=\"text-align: justify;\">El experto en finanzas explic\u00f3 que Bolivia es un pa\u00eds en el que la demanda y la oferta de d\u00f3lares a calzado muy bien, no solo hay d\u00f3lares en el BCB, sino tambi\u00e9n \u201cporque hay como 7.000 millones de d\u00f3lares en la econom\u00eda informal, que son los que han ido manteniendo calzada la oferta y la demanda\u201d.<\/p>\n<p style=\"text-align: justify;\">\u201cEn otras palabras, esta falta de d\u00f3lares que se est\u00e1 dando, es el resultado de las pol\u00edticas p\u00fablicas de no informar y tomar medidas parche que han exacerbado las expectativas de la gente\u201d, asegur\u00f3.<\/p>\n<p style=\"text-align: justify;\">Dunn se\u00f1al\u00f3 que mucha gente que ha estado sacando d\u00f3lares de sus cuentas, no es precisamente porque necesite hacer una transacci\u00f3n financiera, sino porque desconf\u00eda del Gobierno.<\/p>\n<p style=\"text-align: justify;\">\u201cLa confianza del Gobierno se est\u00e1 perdiendo r\u00e1pidamente por la forma c\u00f3mo act\u00faa y anda en una negaci\u00f3n muy fuerte sobre el hecho de que la econom\u00eda necesita fortalecerse porque su crecimiento es a punta de deuda y consumo de reservas que tienen un l\u00edmite, y cuando supere esa negaci\u00f3n volver\u00e1 a generar un \u00e1mbito de mejor confianza\u201d, subray\u00f3.<\/p>\n<p style=\"text-align: justify;\">Observ\u00f3 que las reservas netas han estado bajando pero se estabilizaron alrededor de los 4.000 millones de d\u00f3lares en los \u00faltimos meses. Una parte de las reservas est\u00e1 en efectivo, otra en derechos especiales de giro y la tercera parte en oro.<\/p>\n<p style=\"text-align: justify;\">\u201cTodos estos factores se han ido reduciendo y el gasto p\u00fablico se ha ido acelerando, porque como parte de la pol\u00edtica est\u00e1 la subvenci\u00f3n a los combustibles, hay un gasto muy grande, porque se debe importar caro y vender barato en el mercado interno\u201d, dijo.<\/p>\n<p style=\"text-align: justify;\">Advirti\u00f3 que la subvenci\u00f3n tiene el efecto de drenar r\u00e1pidamente las reservas porque dentro de la pol\u00edtica del Gobierno est\u00e1 el redimir a la inflaci\u00f3n; es decir mantenerla baja a punta de subvenci\u00f3n.<\/p>\n<p style=\"text-align: justify;\">\u201cCompramos la inflaci\u00f3n baja pagando 1.700 millones de d\u00f3lares anuales en combustibles y otro monto en alimentos que le cuesta a Bolivia $us 2.000 millones anuales, ese es el costo de una inflaci\u00f3n baja\u201d, sostuvo.<\/p>\n<p style=\"text-align: justify;\">Sin embargo recomend\u00f3 que el Gobierno se concentre en medidas que puedan garantizar un aumento de las reservas, y mejora de la econom\u00eda, como la liberaci\u00f3n de los cupos de exportaci\u00f3n, monetizar los derechos especiales de giro en el FMI, pagar mejores tasas de inter\u00e9s a los dep\u00f3sitos en d\u00f3lar y efectivizar los cr\u00e9ditos internacionales que oscilan en $us 3.500 millones, entre otras medidas.<\/p>\n<p style=\"text-align: justify;\">Recomend\u00f3 en ese marco, que el Gobierno se sincere sobre la situaci\u00f3n real de la econom\u00eda. \u201cSi se remonta hace cuatro semanas, todo estaba bien, los analistas \u00e9ramos los mentirosos. A m\u00ed me llamaron \u00b4\u00e9l caballo del Apocalipsis\u00b4. (Dec\u00edan) no quieren ver el \u00e9xito del Gobierno, pero al d\u00eda siguiente que dicen que todo est\u00e1 bien empiezan a tomar medidas\u201d, se\u00f1al\u00f3.<\/p>\n<p style=\"text-align: justify;\">No obstante, consider\u00f3 muy prematuro y poco prudente hablar de \u201ccorralitos\u201d pues ese tipo de medidas se las toma de manera oficial a trav\u00e9s de medidas administrativas gubernamentales cuando la situaci\u00f3n es extrema y en la cual, la demanda es much\u00edsimo m\u00e1s grande que la oferta de d\u00f3lares.<\/p>\n","protected":false},"excerpt":{"rendered":"<p>El Banco Central de Bolivia (BCB) gener\u00f3 un mercado paralelo del d\u00f3lar al crear cambios preferenciales de la moneda extranjera para los exportadores, afirm\u00f3 el consultor internacional y experto en finanzas, Jaime Dunn. Advirti\u00f3 que en el pa\u00eds la econom\u00eda informal, que mueve $us 7.000 millones ha sido la que ha garantizado que la oferta [&hellip;]<\/p>\n","protected":false},"author":4,"featured_media":44842,"comment_status":"open","ping_status":"open","sticky":false,"template":"","format":"standard","meta":{"footnotes":""},"categories":[25],"tags":[],"class_list":{"0":"post-44841","1":"post","2":"type-post","3":"status-publish","4":"format-standard","5":"has-post-thumbnail","7":"category-economia"},"_links":{"self":[{"href":"https:\/\/jms.com.bo\/mediamonitor\/wp-json\/wp\/v2\/posts\/44841","targetHints":{"allow":["GET"]}}],"collection":[{"href":"https:\/\/jms.com.bo\/mediamonitor\/wp-json\/wp\/v2\/posts"}],"about":[{"href":"https:\/\/jms.com.bo\/mediamonitor\/wp-json\/wp\/v2\/types\/post"}],"author":[{"embeddable":true,"href":"https:\/\/jms.com.bo\/mediamonitor\/wp-json\/wp\/v2\/users\/4"}],"replies":[{"embeddable":true,"href":"https:\/\/jms.com.bo\/mediamonitor\/wp-json\/wp\/v2\/comments?post=44841"}],"version-history":[{"count":0,"href":"https:\/\/jms.com.bo\/mediamonitor\/wp-json\/wp\/v2\/posts\/44841\/revisions"}],"wp:featuredmedia":[{"embeddable":true,"href":"https:\/\/jms.com.bo\/mediamonitor\/wp-json\/wp\/v2\/media\/44842"}],"wp:attachment":[{"href":"https:\/\/jms.com.bo\/mediamonitor\/wp-json\/wp\/v2\/media?parent=44841"}],"wp:term":[{"taxonomy":"category","embeddable":true,"href":"https:\/\/jms.com.bo\/mediamonitor\/wp-json\/wp\/v2\/categories?post=44841"},{"taxonomy":"post_tag","embeddable":true,"href":"https:\/\/jms.com.bo\/mediamonitor\/wp-json\/wp\/v2\/tags?post=44841"}],"curies":[{"name":"wp","href":"https:\/\/api.w.org\/{rel}","templated":true}]}}