{"id":44843,"date":"2023-02-28T06:52:16","date_gmt":"2023-02-28T10:52:16","guid":{"rendered":"https:\/\/jms.com.bo\/mediamonitor\/2023\/02\/28\/solares-el-modelo-economico-social-comunitario-y-productivo-va-en-declive\/"},"modified":"2023-02-28T06:52:16","modified_gmt":"2023-02-28T10:52:16","slug":"solares-el-modelo-economico-social-comunitario-y-productivo-va-en-declive","status":"publish","type":"post","link":"https:\/\/jms.com.bo\/mediamonitor\/2023\/02\/28\/solares-el-modelo-economico-social-comunitario-y-productivo-va-en-declive\/","title":{"rendered":"Solares: El modelo econ\u00f3mico social comunitario y productivo va en declive"},"content":{"rendered":"<p style=\"text-align: justify;\">Para el profesional en relaciones internacionales, Francisco Solares, el modelo econ\u00f3mico social comunitario y productivo planteado desde 2010 en adelante, no tiene el \u00e9xito que ha tenido inicialmente, y va en declive.<\/p>\n<p style=\"text-align: justify;\">\u201cEste modelo no va, porque el tema de la industrializaci\u00f3n no tiene los resultados esperados, porque simplemente se us\u00f3 la l\u00f3gica extractivista, de solo exportar las materias primas y eso ha tenido un agotamiento, sobre todo en los hidrocarburos\u201d, dijo.<\/p>\n<p style=\"text-align: justify;\">Solares refiere que en este \u00faltimo tiempo el Gobierno ha perjudicado al sector privado en favor del p\u00fablico, adem\u00e1s que no ha sabido leer los cambios que se han dado en el mundo, con la globalizaci\u00f3n en temas de integraci\u00f3n econ\u00f3mica.<\/p>\n<p style=\"text-align: justify;\">Considera que el Gobierno boliviano ha cometido muchos errores en cuesti\u00f3n de pol\u00edtica internacional, como adoptar una postura errada sobre la guerra de Ucrania con Rusia, lo que le significa un camino dif\u00edcil al acceso de cr\u00e9ditos internacionales.<\/p>\n<p style=\"text-align: justify;\">Otro de los aspectos que hace menci\u00f3n, es que las reservas del pa\u00eds vienen en ca\u00edda desde hace 10 a\u00f1os, situaci\u00f3n que se ahond\u00f3 con la llegada de la pandemia del Covid-19, pero que a la fecha intenta mantener un discurso demag\u00f3gico, tratando mostrar que el pa\u00eds tiene estabilidad econ\u00f3mica.<\/p>\n<p style=\"text-align: justify;\">\u201cBolivia sigue siendo un pa\u00eds con altos niveles de contrabando, de narcotr\u00e1fico, que en cierto punto han sopesado la econom\u00eda boliviana, pero ahora ya no. Esto queda en evidencia que ha perjudicado al pa\u00eds, ya que el boliviano no tiene empleo formal, y se ve que el sector p\u00fablico es el principal motor econ\u00f3mico, cuando deber\u00eda ser la empresa privada\u201d, detall\u00f3.<\/p>\n","protected":false},"excerpt":{"rendered":"<p>Para el profesional en relaciones internacionales, Francisco Solares, el modelo econ\u00f3mico social comunitario y productivo planteado desde 2010 en adelante, no tiene el \u00e9xito que ha tenido inicialmente, y va en declive. \u201cEste modelo no va, porque el tema de la industrializaci\u00f3n no tiene los resultados esperados, porque simplemente se us\u00f3 la l\u00f3gica extractivista, de [&hellip;]<\/p>\n","protected":false},"author":4,"featured_media":44844,"comment_status":"open","ping_status":"open","sticky":false,"template":"","format":"standard","meta":{"footnotes":""},"categories":[25],"tags":[],"class_list":{"0":"post-44843","1":"post","2":"type-post","3":"status-publish","4":"format-standard","5":"has-post-thumbnail","7":"category-economia"},"_links":{"self":[{"href":"https:\/\/jms.com.bo\/mediamonitor\/wp-json\/wp\/v2\/posts\/44843","targetHints":{"allow":["GET"]}}],"collection":[{"href":"https:\/\/jms.com.bo\/mediamonitor\/wp-json\/wp\/v2\/posts"}],"about":[{"href":"https:\/\/jms.com.bo\/mediamonitor\/wp-json\/wp\/v2\/types\/post"}],"author":[{"embeddable":true,"href":"https:\/\/jms.com.bo\/mediamonitor\/wp-json\/wp\/v2\/users\/4"}],"replies":[{"embeddable":true,"href":"https:\/\/jms.com.bo\/mediamonitor\/wp-json\/wp\/v2\/comments?post=44843"}],"version-history":[{"count":0,"href":"https:\/\/jms.com.bo\/mediamonitor\/wp-json\/wp\/v2\/posts\/44843\/revisions"}],"wp:featuredmedia":[{"embeddable":true,"href":"https:\/\/jms.com.bo\/mediamonitor\/wp-json\/wp\/v2\/media\/44844"}],"wp:attachment":[{"href":"https:\/\/jms.com.bo\/mediamonitor\/wp-json\/wp\/v2\/media?parent=44843"}],"wp:term":[{"taxonomy":"category","embeddable":true,"href":"https:\/\/jms.com.bo\/mediamonitor\/wp-json\/wp\/v2\/categories?post=44843"},{"taxonomy":"post_tag","embeddable":true,"href":"https:\/\/jms.com.bo\/mediamonitor\/wp-json\/wp\/v2\/tags?post=44843"}],"curies":[{"name":"wp","href":"https:\/\/api.w.org\/{rel}","templated":true}]}}