{"id":44853,"date":"2023-02-28T07:03:37","date_gmt":"2023-02-28T11:03:37","guid":{"rendered":"https:\/\/jms.com.bo\/mediamonitor\/2023\/02\/28\/linea-de-exportacion-de-electricidad-a-argentina-esta-lista-para-iniciar-operacion-comercial\/"},"modified":"2023-02-28T07:03:37","modified_gmt":"2023-02-28T11:03:37","slug":"linea-de-exportacion-de-electricidad-a-argentina-esta-lista-para-iniciar-operacion-comercial","status":"publish","type":"post","link":"https:\/\/jms.com.bo\/mediamonitor\/2023\/02\/28\/linea-de-exportacion-de-electricidad-a-argentina-esta-lista-para-iniciar-operacion-comercial\/","title":{"rendered":"L\u00ednea de exportaci\u00f3n de electricidad a Argentina est\u00e1 lista para iniciar operaci\u00f3n comercial"},"content":{"rendered":"<p style=\"text-align: justify;\">En 2022 concluy\u00f3 la etapa de prueba de la l\u00ednea de exportaci\u00f3n de 120 megavatios (MW) al mercado argentino y \u201cesta\u0301 a la espera de su operaci\u00f3n comercial\u201d, inform\u00f3 el Ministerio de Hidrocarburos y Energ\u00eda.<\/p>\n<p style=\"text-align: justify;\">\u201cA octubre de 2022, la l\u00ednea de transmisi\u00f3n tanto en el lado boliviano y argentino se encuentra concluida; asimismo, se finaliz\u00f3 las etapas de pruebas en la l\u00ednea y la generaci\u00f3n y esta\u0301 a la espera de su operaci\u00f3n comercial\u201d, apunta el Informe de Rendici\u00f3n P\u00fablica de Cuentas Final 2022, disponible en la p\u00e1gina web de la entidad.<\/p>\n<p style=\"text-align: justify;\">El proyecto de Interconexi\u00f3n El\u00e9ctrica Bolivia \u2013 Argentina, consiste en una L\u00ednea de Transmisi\u00f3n en 132 kV de 120 km de longitud (46,49 km en Bolivia y 73,88 km en Argentina), que une la Subestaci\u00f3n Yaguacua en el territorio boliviano, con la Subestacio\u0301n Tartagal en el territorio argentino, permitiendo el transporte de energ\u00eda el\u00e9ctrica con una potencia estimada de 120 MW.<\/p>\n<p style=\"text-align: justify;\">La Empresa Nacional de Electricidad (ENDE), a trav\u00e9s de su empresa subsidiaria ENDE Transmisi\u00f3n Argentina S.A. (ETASA), retomo\u0301 en 2021 la construcci\u00f3n del tramo en territorio argentino de la l\u00ednea el\u00e9ctrica que forma parte del proyecto \u201cJuana Azurduy de Padilla 132 kV Bolivia \u2013 Argentina\u201d. Todo el trabajo concluy\u00f3 en 2022.<\/p>\n<p style=\"text-align: justify;\">La obra de interconexi\u00f3n permitir\u00e1 un abastecimiento \u201cabundante y confiable\u201d a la ciudad de Tartagal y a localidades vecinas como Or\u00e1n, Piquirenda, Tabacal, Pichanal, Senda Hachada y Dragones.<\/p>\n<p style=\"text-align: justify;\">De acuerdo con dato del Comit\u00e9 Nacional de Despacho de Carga (CNDC), la demanda m\u00e1xima de energ\u00eda el\u00e9ctrica el 26 de febrero fue de 1.376.89 MW a las 19.45, la reserva parada del Sistema Interconectado Nacional (SIN) fue de 899.9 MW frente a una generaci\u00f3n diaria que lleg\u00f3 a 26.267.62 MWh. La demanda diaria, en tanto, se ubic\u00f3 en 25.782.25 MWh.<\/p>\n","protected":false},"excerpt":{"rendered":"<p>En 2022 concluy\u00f3 la etapa de prueba de la l\u00ednea de exportaci\u00f3n de 120 megavatios (MW) al mercado argentino y \u201cesta\u0301 a la espera de su operaci\u00f3n comercial\u201d, inform\u00f3 el Ministerio de Hidrocarburos y Energ\u00eda. \u201cA octubre de 2022, la l\u00ednea de transmisi\u00f3n tanto en el lado boliviano y argentino se encuentra concluida; asimismo, se [&hellip;]<\/p>\n","protected":false},"author":4,"featured_media":44854,"comment_status":"open","ping_status":"open","sticky":false,"template":"","format":"standard","meta":{"footnotes":""},"categories":[39,44,48],"tags":[],"class_list":{"0":"post-44853","1":"post","2":"type-post","3":"status-publish","4":"format-standard","5":"has-post-thumbnail","7":"category-energia","8":"category-portada-energia","9":"category-portada-general-sitio"},"_links":{"self":[{"href":"https:\/\/jms.com.bo\/mediamonitor\/wp-json\/wp\/v2\/posts\/44853","targetHints":{"allow":["GET"]}}],"collection":[{"href":"https:\/\/jms.com.bo\/mediamonitor\/wp-json\/wp\/v2\/posts"}],"about":[{"href":"https:\/\/jms.com.bo\/mediamonitor\/wp-json\/wp\/v2\/types\/post"}],"author":[{"embeddable":true,"href":"https:\/\/jms.com.bo\/mediamonitor\/wp-json\/wp\/v2\/users\/4"}],"replies":[{"embeddable":true,"href":"https:\/\/jms.com.bo\/mediamonitor\/wp-json\/wp\/v2\/comments?post=44853"}],"version-history":[{"count":0,"href":"https:\/\/jms.com.bo\/mediamonitor\/wp-json\/wp\/v2\/posts\/44853\/revisions"}],"wp:featuredmedia":[{"embeddable":true,"href":"https:\/\/jms.com.bo\/mediamonitor\/wp-json\/wp\/v2\/media\/44854"}],"wp:attachment":[{"href":"https:\/\/jms.com.bo\/mediamonitor\/wp-json\/wp\/v2\/media?parent=44853"}],"wp:term":[{"taxonomy":"category","embeddable":true,"href":"https:\/\/jms.com.bo\/mediamonitor\/wp-json\/wp\/v2\/categories?post=44853"},{"taxonomy":"post_tag","embeddable":true,"href":"https:\/\/jms.com.bo\/mediamonitor\/wp-json\/wp\/v2\/tags?post=44853"}],"curies":[{"name":"wp","href":"https:\/\/api.w.org\/{rel}","templated":true}]}}