{"id":44857,"date":"2023-02-28T07:07:20","date_gmt":"2023-02-28T11:07:20","guid":{"rendered":"https:\/\/jms.com.bo\/mediamonitor\/2023\/02\/28\/este-martes-se-instala-el-juicio-por-la-planta-de-urea-cuatro-exfuncionarios-estaran-en-el-banquillo-de-acusados\/"},"modified":"2023-02-28T07:07:20","modified_gmt":"2023-02-28T11:07:20","slug":"este-martes-se-instala-el-juicio-por-la-planta-de-urea-cuatro-exfuncionarios-estaran-en-el-banquillo-de-acusados","status":"publish","type":"post","link":"https:\/\/jms.com.bo\/mediamonitor\/2023\/02\/28\/este-martes-se-instala-el-juicio-por-la-planta-de-urea-cuatro-exfuncionarios-estaran-en-el-banquillo-de-acusados\/","title":{"rendered":"Este martes se instala el juicio por la planta de \u00farea, cuatro exfuncionarios estar\u00e1n en el banquillo de acusados"},"content":{"rendered":"<p style=\"text-align: justify;\">El juicio contra seis exautoridades del gobierno transitorio de Jeanine A\u00f1ez por la paralizaci\u00f3n de la Planta de Amoniaco y \u00darea de Bulo Bulo en 2019 se iniciar\u00e1 este martes.<\/p>\n<p style=\"text-align: justify;\">El exministro de Hidrocarburos V\u00edctor Hugo Zamora, junto a otros cinco exfuncionarios son acusados por incumplimiento de deberes. Adem\u00e1s, se los juzgar\u00e1 por conducta antiecon\u00f3mica.<\/p>\n<p style=\"text-align: justify;\">Sin embargo, Zamora y el expresidente de Yacimiento Petrol\u00edferos Fiscales (YPFB) Herland Soliz est\u00e1n pr\u00f3fugos. Ambos ser\u00e1n juzgados en rebeld\u00eda.<\/p>\n<p style=\"text-align: justify;\">El juicio se instalar\u00e1 a las 09.30 en Ivirgarzama, inform\u00f3 Carlos Zavaleta, distrital de Redes de Gas Cochabamba. \u00c9l recibi\u00f3 la notificaci\u00f3n en representaci\u00f3n del sector petrolero.<\/p>\n<p style=\"text-align: justify;\">\u201cEl d\u00eda viernes 24 de febrero recibimos una notificaci\u00f3n a mi nombre como representaci\u00f3n del sector petrolero. Estamos como testigos de cargo\u201d.<\/p>\n<p style=\"text-align: justify;\">Zavaleta record\u00f3 el gran perjuicio econ\u00f3mico que provoc\u00f3 la paralizaci\u00f3n de la planta. Y dijo que espera que nunca m\u00e1s vuelva a ocurrir un hecho similar.<\/p>\n<p style=\"text-align: justify;\">\u201cProvocaron un da\u00f1o econ\u00f3mico en ventas de alrededor de $us 240 millones. Y tambi\u00e9n da\u00f1o en la reactivaci\u00f3n porque se gast\u00f3 unos $us 53 millones para reactivarla\u201d.<\/p>\n<p style=\"text-align: justify;\">Sin embargo, en 2022 el ministro de Hidrocarburos y Energ\u00edas, Franklin Molina, cuantific\u00f3 el da\u00f1o econ\u00f3mico en m\u00e1s de $us 428 millones.<\/p>\n<p style=\"text-align: justify;\">Lea m\u00e1s: Segunda planta de urea duplicar\u00e1 la capacidad de Bulo Bulo<\/p>\n<p style=\"text-align: justify;\">Planta paralizada<\/p>\n<p style=\"text-align: justify;\">Este caso fue denominado \u201cYPFB- Bulo Bulo\u201d y las investigaciones estuvieron a cargo de una comisi\u00f3n de fiscales. En marzo de 2022 presentaron ante la autoridad judicial la acusaci\u00f3n formal.<\/p>\n<p style=\"text-align: justify;\">Aparte de Zamora y Soliz, son acusados el exvicepresidente Nacional de Operaciones Jorge R. B.; el exgerente de Industrializaci\u00f3n Oscar A.B.<\/p>\n<p style=\"text-align: justify;\">Tambi\u00e9n est\u00e1n acusados el exdirector de la Planta de Amoniaco y \u00darea Carlos Manuel S. V.; y el excoordinador Ivert F. O.<\/p>\n<p style=\"text-align: justify;\">Tanto Zamora como Soliz fueron declarados en rebeld\u00eda, por lo que el juicio iniciar\u00e1 sin la presencia de estas dos exautoridades.<\/p>\n<p style=\"text-align: justify;\">Mientras que los otros cuatro acusados cumplen detenci\u00f3n domiciliaria<\/p>\n<p style=\"text-align: justify;\">Las exautoridades y exfuncionarios durante el gobierno de \u00c1\u00f1ez (noviembre 2019-noviembre 2020) determinaron parar la planta.<\/p>\n<p style=\"text-align: justify;\">El 21 de marzo de 2022, la Fiscal\u00eda present\u00f3 una acusaci\u00f3n formal para ir a juicio oral. Fueron acusadas seis personas por la paralizaci\u00f3n del funcionamiento de la planta.<\/p>\n<p style=\"text-align: justify;\">La Fiscal\u00eda sustenta la acusaci\u00f3n formal con 11 pruebas testificales, 73 documentales, requeridas y secuestradas de las instituciones involucradas.<\/p>\n<p style=\"text-align: justify;\">Adem\u00e1s, una prueba pericial de auditor\u00eda forense para cuantificar el total de da\u00f1o econ\u00f3mico generado.<\/p>\n<p style=\"text-align: justify;\">El Ministerio P\u00fablico solicitar\u00e1 la pena m\u00e1xima con privaci\u00f3n de libertad de ocho a\u00f1os. Adem\u00e1s el incremento que se determine por agravantes en el caso.<\/p>\n<p style=\"text-align: justify;\">Bolivia puso en marcha en 2017 la planta en el tr\u00f3pico de Cochabamba. La f\u00e1brica tiene una capacidad diaria de producci\u00f3n de 2.100 toneladas de \u00farea y 1.200 de amoniaco.<\/p>\n<p style=\"text-align: justify;\">La planta estuvo parada durante 22 meses por la crisis social y pol\u00edtica de 2019 y la pandemia en 2020.<\/p>\n","protected":false},"excerpt":{"rendered":"<p>El juicio contra seis exautoridades del gobierno transitorio de Jeanine A\u00f1ez por la paralizaci\u00f3n de la Planta de Amoniaco y \u00darea de Bulo Bulo en 2019 se iniciar\u00e1 este martes. El exministro de Hidrocarburos V\u00edctor Hugo Zamora, junto a otros cinco exfuncionarios son acusados por incumplimiento de deberes. Adem\u00e1s, se los juzgar\u00e1 por conducta antiecon\u00f3mica. [&hellip;]<\/p>\n","protected":false},"author":4,"featured_media":44858,"comment_status":"open","ping_status":"open","sticky":false,"template":"","format":"standard","meta":{"footnotes":""},"categories":[40,23],"tags":[],"class_list":{"0":"post-44857","1":"post","2":"type-post","3":"status-publish","4":"format-standard","5":"has-post-thumbnail","7":"category-bolivia","8":"category-hidrocarburos"},"_links":{"self":[{"href":"https:\/\/jms.com.bo\/mediamonitor\/wp-json\/wp\/v2\/posts\/44857","targetHints":{"allow":["GET"]}}],"collection":[{"href":"https:\/\/jms.com.bo\/mediamonitor\/wp-json\/wp\/v2\/posts"}],"about":[{"href":"https:\/\/jms.com.bo\/mediamonitor\/wp-json\/wp\/v2\/types\/post"}],"author":[{"embeddable":true,"href":"https:\/\/jms.com.bo\/mediamonitor\/wp-json\/wp\/v2\/users\/4"}],"replies":[{"embeddable":true,"href":"https:\/\/jms.com.bo\/mediamonitor\/wp-json\/wp\/v2\/comments?post=44857"}],"version-history":[{"count":0,"href":"https:\/\/jms.com.bo\/mediamonitor\/wp-json\/wp\/v2\/posts\/44857\/revisions"}],"wp:featuredmedia":[{"embeddable":true,"href":"https:\/\/jms.com.bo\/mediamonitor\/wp-json\/wp\/v2\/media\/44858"}],"wp:attachment":[{"href":"https:\/\/jms.com.bo\/mediamonitor\/wp-json\/wp\/v2\/media?parent=44857"}],"wp:term":[{"taxonomy":"category","embeddable":true,"href":"https:\/\/jms.com.bo\/mediamonitor\/wp-json\/wp\/v2\/categories?post=44857"},{"taxonomy":"post_tag","embeddable":true,"href":"https:\/\/jms.com.bo\/mediamonitor\/wp-json\/wp\/v2\/tags?post=44857"}],"curies":[{"name":"wp","href":"https:\/\/api.w.org\/{rel}","templated":true}]}}