{"id":44909,"date":"2023-03-01T06:29:56","date_gmt":"2023-03-01T10:29:56","guid":{"rendered":"https:\/\/jms.com.bo\/mediamonitor\/2023\/03\/01\/en-dos-meses-17-menores-de-edad-mueren-por-dengue-y-no-se-resuelve-la-saturacion\/"},"modified":"2023-03-01T06:29:56","modified_gmt":"2023-03-01T10:29:56","slug":"en-dos-meses-17-menores-de-edad-mueren-por-dengue-y-no-se-resuelve-la-saturacion","status":"publish","type":"post","link":"https:\/\/jms.com.bo\/mediamonitor\/2023\/03\/01\/en-dos-meses-17-menores-de-edad-mueren-por-dengue-y-no-se-resuelve-la-saturacion\/","title":{"rendered":"En dos meses 17 menores de edad mueren por dengue y no se resuelve la saturaci\u00f3n"},"content":{"rendered":"<p style=\"text-align: justify;\">En dos meses 17 menores de edad perdieron la vida a causa del dengue en Santa Cruz, donde persiste el drama por la sobresaturaci\u00f3n de los hospitales que no dan abasto a la avalancha de pacientes con s\u00edntomas de la enfermedad.<\/p>\n<p style=\"text-align: justify;\">Padres de familia y la dirigencia m\u00e9dica lamentaron que, en lugar de buscar soluciones en conjunto, se ahonden las discrepancias entre el Gobierno nacional y la Gobernaci\u00f3n por las competencias en la dotaci\u00f3n de medicamentos y condiciones para los hospitales.<\/p>\n<p style=\"text-align: justify;\">Seg\u00fan los datos oficiales, en lo que va del a\u00f1o se confirmaron 26 muertes por dengue en el departamento cruce\u00f1o, de las cuales 17 corresponden a menores de 17 a\u00f1os. Precisamente, este es el grupo m\u00e1s golpeado por este mal, ya que concentra el 55% de los cerca de 8.000 casos registrados hasta la fecha, seg\u00fan las cifras oficiales.<\/p>\n<p style=\"text-align: justify;\">El hospital Mario Ortiz es el \u00fanico pedi\u00e1trico de referencia departamental, por lo que viene sintiendo el golpe de la epidemia desde hace varias semanas. Ayer ten\u00eda 29 ni\u00f1os internados con signos de alarma, es decir, que presentaron extravasaci\u00f3n de l\u00edquidos, sangrado por la nariz y las enc\u00edas, v\u00f3mito intenso con hemorragia, deshidrataci\u00f3n y otros s\u00edntomas del dengue grave.<\/p>\n<p style=\"text-align: justify;\">Algunos padres de familia se quejan porque los peque\u00f1os siguen siendo asistidos en los pasillos, aunque ya en camillas, y otros contin\u00faan esperando que habiliten m\u00e1s unidades de terapia intensiva.<\/p>\n<p style=\"text-align: justify;\">\u201cSigue llena la sala (de Emergencias). Todav\u00eda hay ni\u00f1os en los pasillos, la atenci\u00f3n no mejora y las autoridades se andan peleando en lugar de solucionar el problema\u201d, indic\u00f3 el pap\u00e1 de un ni\u00f1o que recibe suero en una camilla, en el pasillo de acceso a la sala de Emergencias.<br \/>\nMilagros Av\u00e1n indic\u00f3 que su nieto, de cuatro a\u00f1os, recibe ox\u00edgeno en dicho servicio y necesita con urgencia una cama de terapia intensiva, pero no hay unidades disponibles. \u201cNo hay campo en terapia y \u00e9l necesita cuidados intensivos porque ya tiene un pulm\u00f3n lleno de l\u00edquido y cada vez est\u00e1 m\u00e1s hinchado. Nos dicen que esperemos y eso a uno lo desespera. Pedimos a las autoridades que tomen cartas en el asunto y resuelvan esta situaci\u00f3n\u201d, manifiesta Av\u00e1n.<\/p>\n<p style=\"text-align: justify;\">M\u00e9dicos del hospital indicaron que el centro hospitalario qued\u00f3 chico para la demanda de paciente pedi\u00e1tricos, acrecentada en esta epidemia de dengue. \u201cPor m\u00e1s que queramos no hay espacio para habilitar m\u00e1s salas. Adem\u00e1s, faltan manos porque se necesitan m\u00e1s \u00edtems\u201d, dijo una m\u00e9dica que prefiri\u00f3 el anonimato.<\/p>\n<p style=\"text-align: justify;\">Las medidas<\/p>\n<p style=\"text-align: justify;\">La viceministra de Seguros de Salud y Gesti\u00f3n del Sistema \u00danico de Salud, Alejandra Hidalgo, se hizo presente este martes en el hospital Mario Ortiz para hacer la entrega de medicamentos, donde tambi\u00e9n inform\u00f3 que se dotaron de ochos \u00edtems y equipos para una cama de terapia intensiva.<br \/>\n\u201cHemos hecho la entrega de un monitor y un ventilador para habilitar una cama adicional en terapia intensiva, ya que hasta ayer (por el lunes) se han entregado ocho \u00edtems para m\u00e9dicos pediatras intensivistas y para un cardi\u00f3logo\u201d, se\u00f1al\u00f3.<\/p>\n<p style=\"text-align: justify;\">De igual manera, manifest\u00f3 que se ha coordinado con Farmacia para hacer entrega de morfina conservante, omeprasol, soluciones fisiol\u00f3gicas e insumos para ese centro hospitalario.<\/p>\n<p style=\"text-align: justify;\">Hidalgo inform\u00f3 que, adem\u00e1s, se est\u00e1 agilizando las gestiones para que el Ministerio de Econom\u00eda y Finanzas autorice a la Gobernaci\u00f3n el uso de los Bs 17,9 millones para la compra de medicamentos para los hospitales de tercer nivel.<br \/>\nSeg\u00fan el ministro de Salud, Jeyson Auza, los recursos son el saldo del presupuesto asignado en la gesti\u00f3n 2022, que no fueron ejecutados por la Goberanaci\u00f3n. \u201cSolamente de la gesti\u00f3n 2022 el Gobierno Departamental de Santa Cruz ha dejado 17.922.119 bolivianos que deber\u00eda haber gastado y no lo hizo\u201d, precis\u00f3 la autoridad el lunes en conferencia de prensa.<\/p>\n<p style=\"text-align: justify;\">Justamente este asunto fue el que tens\u00f3 m\u00e1s la relaci\u00f3n entre el Gobierno nacional y la Gobernaci\u00f3n. El secretario de Salud, Edil Toledo, calific\u00f3 de falsas las declaraciones de las autoridades nacionales, al indicar que la ejecuci\u00f3n presupuestaria del SUS en el hospital de ni\u00f1os llega al 99 por ciento.<\/p>\n<p style=\"text-align: justify;\">Faltan medidas de fondo<\/p>\n<p style=\"text-align: justify;\">El presidente del Colegio M\u00e9dico de Bolivia, Luis Larrea, calific\u00f3 como parches las medidas impulsadas para controlar el dengue y aliviar la saturaci\u00f3n.<br \/>\nSe\u00f1ala que el sistema de salud est\u00e1 colapsado y que las autoridades deber\u00edan trabajar para garantizar hospitales con la cantidad de suficientes de camas, de \u00edtems y equipos, que son los problemas de la crisis hospitalaria. Tambi\u00e9n observa la falta de un plan integral, que incluya campa\u00f1as de prevenci\u00f3n coordinadas y socializadas.<\/p>\n<p style=\"text-align: justify;\">\u201cNo hay el n\u00famero suficiente de camas, no hay el n\u00famero suficiente de recursos humanos, hay una deuda de dotaci\u00f3n de \u00edtems cr\u00f3nica en m\u00e1s de cinco o siete a\u00f1os a nivel nacional. Solamente Santa Cruz ha elevado una cifra alarmante de d\u00e9ficit de 11.000 \u00edtems para todo el departamento y m\u00e1s o menos 5.000 para la capital\u201d, dijo.<\/p>\n","protected":false},"excerpt":{"rendered":"<p>En dos meses 17 menores de edad perdieron la vida a causa del dengue en Santa Cruz, donde persiste el drama por la sobresaturaci\u00f3n de los hospitales que no dan abasto a la avalancha de pacientes con s\u00edntomas de la enfermedad. Padres de familia y la dirigencia m\u00e9dica lamentaron que, en lugar de buscar soluciones [&hellip;]<\/p>\n","protected":false},"author":4,"featured_media":44910,"comment_status":"open","ping_status":"open","sticky":false,"template":"","format":"standard","meta":{"footnotes":""},"categories":[53],"tags":[],"class_list":{"0":"post-44909","1":"post","2":"type-post","3":"status-publish","4":"format-standard","5":"has-post-thumbnail","7":"category-salud"},"_links":{"self":[{"href":"https:\/\/jms.com.bo\/mediamonitor\/wp-json\/wp\/v2\/posts\/44909","targetHints":{"allow":["GET"]}}],"collection":[{"href":"https:\/\/jms.com.bo\/mediamonitor\/wp-json\/wp\/v2\/posts"}],"about":[{"href":"https:\/\/jms.com.bo\/mediamonitor\/wp-json\/wp\/v2\/types\/post"}],"author":[{"embeddable":true,"href":"https:\/\/jms.com.bo\/mediamonitor\/wp-json\/wp\/v2\/users\/4"}],"replies":[{"embeddable":true,"href":"https:\/\/jms.com.bo\/mediamonitor\/wp-json\/wp\/v2\/comments?post=44909"}],"version-history":[{"count":0,"href":"https:\/\/jms.com.bo\/mediamonitor\/wp-json\/wp\/v2\/posts\/44909\/revisions"}],"wp:featuredmedia":[{"embeddable":true,"href":"https:\/\/jms.com.bo\/mediamonitor\/wp-json\/wp\/v2\/media\/44910"}],"wp:attachment":[{"href":"https:\/\/jms.com.bo\/mediamonitor\/wp-json\/wp\/v2\/media?parent=44909"}],"wp:term":[{"taxonomy":"category","embeddable":true,"href":"https:\/\/jms.com.bo\/mediamonitor\/wp-json\/wp\/v2\/categories?post=44909"},{"taxonomy":"post_tag","embeddable":true,"href":"https:\/\/jms.com.bo\/mediamonitor\/wp-json\/wp\/v2\/tags?post=44909"}],"curies":[{"name":"wp","href":"https:\/\/api.w.org\/{rel}","templated":true}]}}