{"id":44915,"date":"2023-03-01T06:34:21","date_gmt":"2023-03-01T10:34:21","guid":{"rendered":"https:\/\/jms.com.bo\/mediamonitor\/2023\/03\/01\/cooperativas-exigen-pactar-reglamento-antes-de-que-la-ley-del-oro-sea-aprobada\/"},"modified":"2023-03-01T06:34:21","modified_gmt":"2023-03-01T10:34:21","slug":"cooperativas-exigen-pactar-reglamento-antes-de-que-la-ley-del-oro-sea-aprobada","status":"publish","type":"post","link":"https:\/\/jms.com.bo\/mediamonitor\/2023\/03\/01\/cooperativas-exigen-pactar-reglamento-antes-de-que-la-ley-del-oro-sea-aprobada\/","title":{"rendered":"Cooperativas exigen pactar reglamento antes de que la ley del oro sea aprobada"},"content":{"rendered":"<p style=\"text-align: justify;\">Los mineros aur\u00edferos cooperativistas pusieron una nueva condici\u00f3n para que el proyecto de ley de compra y venta de oro por parte del Banco Central de Bolivia (BCB) se apruebe en el Legislativo. El sector demand\u00f3 que se acuerden previamente elementos que corresponden a la reglamentaci\u00f3n de la norma, como la forma de pago por el oro vendido y qui\u00e9n correr\u00e1 con los gastos de refinaci\u00f3n del mismo.<\/p>\n<p style=\"text-align: justify;\">\u201cQueremos tener un acuerdo entre partes con el BCB de manera anticipada para que, cuando haya la reglamentaci\u00f3n, pues se tomen en cuenta los pedidos del sector cooperativista\u201d, dijo ayer el presidente de la Federaci\u00f3n de Cooperativas Aur\u00edferas del Norte de La Paz (Fecoman), Ramiro Balmaceda.<\/p>\n<p style=\"text-align: justify;\">El dirigente record\u00f3 que este sector va a \u201cexigir que de forma paralela salga el proyecto de r\u00e9gimen tributario\u201d que legaliza el pago del 4,8 por ciento como impuesto \u00fanico del sector, aparte del pago de regal\u00edas (2,5 por ciento).<\/p>\n<p style=\"text-align: justify;\">Balmaceda dijo que entre los aspectos que m\u00e1s preocupan a su sector est\u00e1 la forma de pago del oro que los mineros vendan al BCB. Les preocupa que el mismo se demore en una \u201cbancarizaci\u00f3n\u201d y esperan recibir el dinero en efectivo el mismo d\u00eda de la venta.<\/p>\n<p style=\"text-align: justify;\">Asimismo, en el proyecto no queda claro qui\u00e9n correr\u00e1 con los gastos para la refinaci\u00f3n del oro vendido. Los cooperativistas no quieren que se les carguen esos costos.<\/p>\n<p style=\"text-align: justify;\">Tampoco se fijan los l\u00edmites m\u00ednimos de compra de oro y si los mineros que menos producen podr\u00e1n ser beneficiados.<\/p>\n<p style=\"text-align: justify;\">El diputado de Comunidad Ciudadana Jos\u00e9 Luis Porcel, miembro de la comisi\u00f3n en la que se aprob\u00f3 el proyecto de ley para monetizar el oro del BCB, indic\u00f3 que los cooperativistas aur\u00edferos est\u00e1n acostumbrados a imponer sus demandas \u201ca punta de dinamita\u201d.<\/p>\n<p style=\"text-align: justify;\">\u201cLos movimientos sociales que sustentan al Gobierno tienen el derecho de bloquear y oponerse a las normas sin ninguna consecuencia\u201d, cuestion\u00f3.<\/p>\n<p style=\"text-align: justify;\">El legislador a\u00f1adi\u00f3 que el proyecto est\u00e1 en la agenda de discusi\u00f3n desde hace varias semanas, pero que a\u00fan no se la trata debido a que lo m\u00e1s posible es que el mismo sea rechazado, ya que no cuenta con el respaldo de la oposici\u00f3n ni del \u201cala evista\u201d del MAS.<\/p>\n<p style=\"text-align: justify;\">Mineros advierten medidas de presi\u00f3n<\/p>\n<p style=\"text-align: justify;\">El sector cooperativista se declar\u00f3 en estado de emergencia al no recibir una respuesta positiva a sus demandas por parte del Gobierno y anunci\u00f3 que tendr\u00e1n un ampliado este viernes para asumir medidas.<\/p>\n<p style=\"text-align: justify;\">El dirigente Ramiro Balmaceda dijo que hasta ahora no se resolvi\u00f3 ninguna de sus ocho demandas de 2022.<\/p>\n<p style=\"text-align: justify;\">A\u00f1adi\u00f3 que su sector habr\u00eda pagado 228 millones de d\u00f3lares en impuestos si se aprobaba el impuesto acordado el a\u00f1o pasado.<\/p>\n<p style=\"text-align: justify;\">No descartan bloqueo de caminos y marchas.<\/p>\n<p style=\"text-align: justify;\">\n","protected":false},"excerpt":{"rendered":"<p>Los mineros aur\u00edferos cooperativistas pusieron una nueva condici\u00f3n para que el proyecto de ley de compra y venta de oro por parte del Banco Central de Bolivia (BCB) se apruebe en el Legislativo. El sector demand\u00f3 que se acuerden previamente elementos que corresponden a la reglamentaci\u00f3n de la norma, como la forma de pago por [&hellip;]<\/p>\n","protected":false},"author":4,"featured_media":44916,"comment_status":"open","ping_status":"open","sticky":false,"template":"","format":"standard","meta":{"footnotes":""},"categories":[49],"tags":[],"class_list":{"0":"post-44915","1":"post","2":"type-post","3":"status-publish","4":"format-standard","5":"has-post-thumbnail","7":"category-social"},"_links":{"self":[{"href":"https:\/\/jms.com.bo\/mediamonitor\/wp-json\/wp\/v2\/posts\/44915","targetHints":{"allow":["GET"]}}],"collection":[{"href":"https:\/\/jms.com.bo\/mediamonitor\/wp-json\/wp\/v2\/posts"}],"about":[{"href":"https:\/\/jms.com.bo\/mediamonitor\/wp-json\/wp\/v2\/types\/post"}],"author":[{"embeddable":true,"href":"https:\/\/jms.com.bo\/mediamonitor\/wp-json\/wp\/v2\/users\/4"}],"replies":[{"embeddable":true,"href":"https:\/\/jms.com.bo\/mediamonitor\/wp-json\/wp\/v2\/comments?post=44915"}],"version-history":[{"count":0,"href":"https:\/\/jms.com.bo\/mediamonitor\/wp-json\/wp\/v2\/posts\/44915\/revisions"}],"wp:featuredmedia":[{"embeddable":true,"href":"https:\/\/jms.com.bo\/mediamonitor\/wp-json\/wp\/v2\/media\/44916"}],"wp:attachment":[{"href":"https:\/\/jms.com.bo\/mediamonitor\/wp-json\/wp\/v2\/media?parent=44915"}],"wp:term":[{"taxonomy":"category","embeddable":true,"href":"https:\/\/jms.com.bo\/mediamonitor\/wp-json\/wp\/v2\/categories?post=44915"},{"taxonomy":"post_tag","embeddable":true,"href":"https:\/\/jms.com.bo\/mediamonitor\/wp-json\/wp\/v2\/tags?post=44915"}],"curies":[{"name":"wp","href":"https:\/\/api.w.org\/{rel}","templated":true}]}}