{"id":44921,"date":"2023-03-01T06:38:57","date_gmt":"2023-03-01T10:38:57","guid":{"rendered":"https:\/\/jms.com.bo\/mediamonitor\/2023\/03\/01\/senadora-de-comunidad-ciudadana-exige-celeridad-al-tcp-para-admitir-recurso-y-pausar-norma-de-vidrios-polarizados\/"},"modified":"2023-03-01T06:38:57","modified_gmt":"2023-03-01T10:38:57","slug":"senadora-de-comunidad-ciudadana-exige-celeridad-al-tcp-para-admitir-recurso-y-pausar-norma-de-vidrios-polarizados","status":"publish","type":"post","link":"https:\/\/jms.com.bo\/mediamonitor\/2023\/03\/01\/senadora-de-comunidad-ciudadana-exige-celeridad-al-tcp-para-admitir-recurso-y-pausar-norma-de-vidrios-polarizados\/","title":{"rendered":"Senadora de Comunidad Ciudadana exige celeridad al TCP para admitir recurso y pausar norma de vidrios polarizados"},"content":{"rendered":"<p style=\"text-align: justify;\">La senadora por Comunidad Ciudadana (CC), Andrea Barrientos, pidi\u00f3 al Tribunal Constitucional Plurinacional (TCP) que d\u00e9 celeridad al recurso de inconstitucionalidad que present\u00f3 la semana pasada, para dejar sin efecto la norma que proh\u00edbe el uso de los vidrios oscuros o polarizados.<\/p>\n<p style=\"text-align: justify;\">En contacto con EL DEBER, la legisladora de oposici\u00f3n manifest\u00f3 que si bien el recurso fue recepcionado y se encuentra en an\u00e1lisis en la comisi\u00f3n de admisi\u00f3n, envi\u00f3 un memorial, a fin de que el mismo sea de una vez admitido y derivado en la sala del TCP cu\u00e1nto antes y se detengan las medidas del Decreto Supremo 4740.<\/p>\n<p style=\"text-align: justify;\">\u201cUna vez que se admito, ellos no podr\u00edan iniciar ning\u00fan cobro (\u2026) lo ideal es preguntar al Tribunal cu\u00e1ndo lo van a admitir, una vez pase esto se pausar\u00e1n las medidas, pero otra cosa es que se pause y se emita una sentencia\u201d, asever\u00f3 Barrientos.<\/p>\n<p style=\"text-align: justify;\">Sustent\u00f3 que un decreto y una resoluci\u00f3n, como la obligatoriedad de la autorizaci\u00f3n para el uso de vidrios oscuros, no est\u00e1n por encima de la ley, es decir, de la Constituci\u00f3n Pol\u00edtica del Estado (CPE), y que una norma no puede violar las libertades.<\/p>\n<p style=\"text-align: justify;\">Barrientos opin\u00f3 que el Ministerio de Gobierno debi\u00f3 presentar un proyecto de ley para que se apruebe en la Asamblea Legislativa Plurinacional y se sepa con claridad d\u00f3nde ir\u00edan los fondos de las multas recaudadas, que van desde los Bs. 100.<\/p>\n<p style=\"text-align: justify;\">\u201cEllos no te pueden cobrar plata sin decirte para qu\u00e9 est\u00e1 destinada, qui\u00e9n te va cobrar, \u00bfc\u00f3mo se va a cobrar sin transparentar la cuesti\u00f3n p\u00fablica?\u201d, cuestion\u00f3.<\/p>\n<p style=\"text-align: justify;\">La senadora dijo a esta casa period\u00edstica que esta jornada envi\u00f3 dos cartas al ministro de Gobierno, Eduardo Del Castillo, y al comandante general de la Polic\u00eda Boliviana, para que no aplique la normativa del uso de vidrios polarizados, menos que se incurra en el cobro de multas.<\/p>\n<p style=\"text-align: justify;\">Desde el Viceministerio de Seguridad Ciudadana recalcaron que este 28 de febrero finalizar\u00eda el plazo para que los conductores puedan obtener el certificado para la autorizaci\u00f3n del uso de los vidrios oscuros.<\/p>\n<p style=\"text-align: justify;\">El viceministro del \u00e1rea, Roberto R\u00edos, dijo que desde 1 de marzo iniciar\u00edan los controles policiales en todo el pa\u00eds, donde se verificar\u00e1 la roseta en los veh\u00edculos particulares y p\u00fablicos.<\/p>\n","protected":false},"excerpt":{"rendered":"<p>La senadora por Comunidad Ciudadana (CC), Andrea Barrientos, pidi\u00f3 al Tribunal Constitucional Plurinacional (TCP) que d\u00e9 celeridad al recurso de inconstitucionalidad que present\u00f3 la semana pasada, para dejar sin efecto la norma que proh\u00edbe el uso de los vidrios oscuros o polarizados. En contacto con EL DEBER, la legisladora de oposici\u00f3n manifest\u00f3 que si bien [&hellip;]<\/p>\n","protected":false},"author":4,"featured_media":44922,"comment_status":"open","ping_status":"open","sticky":false,"template":"","format":"standard","meta":{"footnotes":""},"categories":[20],"tags":[],"class_list":{"0":"post-44921","1":"post","2":"type-post","3":"status-publish","4":"format-standard","5":"has-post-thumbnail","7":"category-actualidad"},"_links":{"self":[{"href":"https:\/\/jms.com.bo\/mediamonitor\/wp-json\/wp\/v2\/posts\/44921","targetHints":{"allow":["GET"]}}],"collection":[{"href":"https:\/\/jms.com.bo\/mediamonitor\/wp-json\/wp\/v2\/posts"}],"about":[{"href":"https:\/\/jms.com.bo\/mediamonitor\/wp-json\/wp\/v2\/types\/post"}],"author":[{"embeddable":true,"href":"https:\/\/jms.com.bo\/mediamonitor\/wp-json\/wp\/v2\/users\/4"}],"replies":[{"embeddable":true,"href":"https:\/\/jms.com.bo\/mediamonitor\/wp-json\/wp\/v2\/comments?post=44921"}],"version-history":[{"count":0,"href":"https:\/\/jms.com.bo\/mediamonitor\/wp-json\/wp\/v2\/posts\/44921\/revisions"}],"wp:featuredmedia":[{"embeddable":true,"href":"https:\/\/jms.com.bo\/mediamonitor\/wp-json\/wp\/v2\/media\/44922"}],"wp:attachment":[{"href":"https:\/\/jms.com.bo\/mediamonitor\/wp-json\/wp\/v2\/media?parent=44921"}],"wp:term":[{"taxonomy":"category","embeddable":true,"href":"https:\/\/jms.com.bo\/mediamonitor\/wp-json\/wp\/v2\/categories?post=44921"},{"taxonomy":"post_tag","embeddable":true,"href":"https:\/\/jms.com.bo\/mediamonitor\/wp-json\/wp\/v2\/tags?post=44921"}],"curies":[{"name":"wp","href":"https:\/\/api.w.org\/{rel}","templated":true}]}}