{"id":44925,"date":"2023-03-01T06:41:33","date_gmt":"2023-03-01T10:41:33","guid":{"rendered":"https:\/\/jms.com.bo\/mediamonitor\/2023\/03\/01\/el-ministerio-de-obras-publicas-invertira-bs-845-millones-en-2023-el-74-para-inversion-publica\/"},"modified":"2023-03-01T06:41:33","modified_gmt":"2023-03-01T10:41:33","slug":"el-ministerio-de-obras-publicas-invertira-bs-845-millones-en-2023-el-74-para-inversion-publica","status":"publish","type":"post","link":"https:\/\/jms.com.bo\/mediamonitor\/2023\/03\/01\/el-ministerio-de-obras-publicas-invertira-bs-845-millones-en-2023-el-74-para-inversion-publica\/","title":{"rendered":"El Ministerio de Obras P\u00fablicas invertir\u00e1 Bs 845 millones en 2023, el 74% para inversi\u00f3n p\u00fablica"},"content":{"rendered":"<p style=\"text-align: justify;\">El Ministerio de Obras P\u00fablicas, Servicios y Viviendas invertir\u00e1 Bs 845 millones en 2023, el 74% estar\u00e1 destinado para la inversi\u00f3n p\u00fablica y el 26% para gasto corriente.<\/p>\n<p style=\"text-align: justify;\">El ministro \u00c9dgar Monta\u00f1o present\u00f3 este martes la Rendici\u00f3n P\u00fablica de Cuentas-Inicial de la gesti\u00f3n 2023.<\/p>\n<p style=\"text-align: justify;\">\u201cEstamos destinando Bs 624 millones para la inversi\u00f3n p\u00fablica, el 74% del presupuesto va destinado a obras y el 26% para el gasto corriente, haciendo un total de Bs 845 millones\u201d.<\/p>\n<p style=\"text-align: justify;\">Monta\u00f1o destac\u00f3 que la inversi\u00f3n estar\u00e1 destinada a obras, nuevas carreteras, aeropuertos, comunicaciones, viviendas y otras.<\/p>\n<p style=\"text-align: justify;\">Explic\u00f3 que cada viceministerio de esta cartera tiene su propio presupuesto. Por ejemplo, la mayor inversi\u00f3n estar\u00e1 en transporte, que destin\u00f3 Bs 448 millones para 2023.<\/p>\n<p style=\"text-align: justify;\">\u201cEn el tema de comunicaciones con m\u00e1s de Bs 172 millones, para el Corredor Bioce\u00e1nico de Integraci\u00f3n m\u00e1s de Bs 7 millones; otros, Bs 323 millones para el Tren Metropolitano\u201d.<\/p>\n<p style=\"text-align: justify;\">Resalt\u00f3 adem\u00e1s la inversi\u00f3n en los aeropuertos del pa\u00eds, destacando que este a\u00f1o Tarija estrenar\u00e1 una remozada terminal a\u00e9rea, con un presupuesto inicial de Bs 9 millones.<\/p>\n<p style=\"text-align: justify;\">\u201cEn el aeropuerto de Uyuni en Potos\u00ed invertiremos m\u00e1s de Bs 8 millones, en el de Beni de Ram\u00f3n Dar\u00edo, m\u00e1s de Bs 2 millones\u201d.<\/p>\n<p style=\"text-align: justify;\">Explic\u00f3 tambi\u00e9n que para la poblaci\u00f3n de Villaz\u00f3n se est\u00e1 gestionando terrenos a trav\u00e9s de la Fuerza A\u00e9rea y se garantiza una inversi\u00f3n de Bs 9 millones.<\/p>\n<p style=\"text-align: justify;\">Otros aeropuertos tambi\u00e9n son mejorados, como el de Guayaramer\u00edn, cuya primera fase ya fue entregada y se har\u00e1 una ampliaci\u00f3n en el \u00e1rea de carga.<\/p>\n<p style=\"text-align: justify;\">Otra obra importante ser\u00e1 un aeropuerto en Puerto Su\u00e1rez por el tema de la planta del Mut\u00fan.<\/p>\n<p style=\"text-align: justify;\">Transporte<\/p>\n<p style=\"text-align: justify;\">El viceministro de Transporte, Wilfredo Guti\u00e9rrez, indic\u00f3 algunos de los proyectos que ejecutar\u00e1 su despacho. Por ejemplo, en mejoramiento y ampliaci\u00f3n de aeropuertos con una inversi\u00f3n total de Bs 35 millones.<\/p>\n<p style=\"text-align: justify;\">Se realizar\u00e1n cinco proyectos en Tarija, Uyuni, Ram\u00f3n Dar\u00edo del Beni, en Villaz\u00f3n y en la estaci\u00f3n de Abaroa.<\/p>\n<p style=\"text-align: justify;\">\u201cCon estas obras demostramos que queremos tener presencia en las fronteras\u201d.<\/p>\n<p style=\"text-align: justify;\">Adem\u00e1s, se realizar\u00e1n otros proyectos nuevos de preinversi\u00f3n, como el dise\u00f1o t\u00e9cnico de ampliaci\u00f3n en Yacuiba, en Guayaramer\u00edn, Puerto Su\u00e1rez, Ixiamas. En estas cuatro proyecciones se invertir\u00e1 m\u00e1s de Bs 6 millones.<\/p>\n<p style=\"text-align: justify;\">Asimismo, indic\u00f3 que para Naabol (Navegaci\u00f3n A\u00e9rea y Aeropuertos Bolivianos) hay un presupuesto de m\u00e1s de Bs 528 millones y su recaudaci\u00f3n programada es de Bs 426 millones.<\/p>\n<p style=\"text-align: justify;\">Para la Unidad T\u00e9cnica de Ferrocarriles se invertir\u00e1 en el Tren Metropolitano Bs 323 millones, en la v\u00eda f\u00e9rrea Montero-Bulo Bulo m\u00e1s de Bs 62 millones. Para el corredor ferroviario Cochabamba-Santa Cruz, m\u00e1s de Bs 7 millones.<\/p>\n<p style=\"text-align: justify;\">En el caso de Boliviana de Aviaci\u00f3n (BoA), la proyecci\u00f3n de pasajeros es de m\u00e1s de 4 millones, m\u00e1s de 36.000 vuelos, 1% m\u00e1s que en 2022. El presupuesto de gastos es de m\u00e1s de Bs 3 millones.<\/p>\n<p style=\"text-align: justify;\">Obras en viviendas<\/p>\n<p style=\"text-align: justify;\">El viceministro de Vivienda y Urbanismo, Eusebio Zamudio, explic\u00f3 que en su \u00e1rea se trabajar\u00e1 en proyectos para desarrollar un marco normativo de gesti\u00f3n urbana, acceso al suelo a la vivienda, y gestionar normas y planes de desarrollo.<\/p>\n<p style=\"text-align: justify;\">Puso como ejemplo a la Agencia Estatal de Viviendas que invertir\u00e1 Bs 1.354 millones para 8.106 soluciones habitacionales en viviendas cuantificadas. Y en mejoramiento, ampliaci\u00f3n y renovaci\u00f3n la meta es m\u00e1s de 11.000 soluciones habitacionales.<\/p>\n<p style=\"text-align: justify;\">En total, en este 2023 se tiene planificado tener 20.000 soluciones habitacionales en los nueve departamentos.<\/p>\n<p style=\"text-align: justify;\">Telecocomunicaciones<\/p>\n<p style=\"text-align: justify;\">El viceministro de Telecomunicaciones, Gonzalo Mamani, explic\u00f3 que para esta gesti\u00f3n se tiene programado m\u00e1s de Bs 172 millones.<\/p>\n<p style=\"text-align: justify;\">Ese monto se ejecutar\u00e1 en dos proyectos, la implementaci\u00f3n en la instalaci\u00f3n de telecomunicaciones por fibra \u00f3ptica, fase 3, con m\u00e1s de Bs 102 millones. Se beneficiar\u00e1 a 47 localidades.<\/p>\n<p style=\"text-align: justify;\">El otro proyecto a concluir este a\u00f1o es la implementaci\u00f3n de telecomunicaciones por radio base, fase 3, con una inversi\u00f3n de Bs 64 millones. Se beneficiar\u00e1 a 103 localidades.<\/p>\n","protected":false},"excerpt":{"rendered":"<p>El Ministerio de Obras P\u00fablicas, Servicios y Viviendas invertir\u00e1 Bs 845 millones en 2023, el 74% estar\u00e1 destinado para la inversi\u00f3n p\u00fablica y el 26% para gasto corriente. El ministro \u00c9dgar Monta\u00f1o present\u00f3 este martes la Rendici\u00f3n P\u00fablica de Cuentas-Inicial de la gesti\u00f3n 2023. \u201cEstamos destinando Bs 624 millones para la inversi\u00f3n p\u00fablica, el 74% [&hellip;]<\/p>\n","protected":false},"author":4,"featured_media":44926,"comment_status":"open","ping_status":"open","sticky":false,"template":"","format":"standard","meta":{"footnotes":""},"categories":[20,47,48],"tags":[],"class_list":{"0":"post-44925","1":"post","2":"type-post","3":"status-publish","4":"format-standard","5":"has-post-thumbnail","7":"category-actualidad","8":"category-portada-actualidad","9":"category-portada-general-sitio"},"_links":{"self":[{"href":"https:\/\/jms.com.bo\/mediamonitor\/wp-json\/wp\/v2\/posts\/44925","targetHints":{"allow":["GET"]}}],"collection":[{"href":"https:\/\/jms.com.bo\/mediamonitor\/wp-json\/wp\/v2\/posts"}],"about":[{"href":"https:\/\/jms.com.bo\/mediamonitor\/wp-json\/wp\/v2\/types\/post"}],"author":[{"embeddable":true,"href":"https:\/\/jms.com.bo\/mediamonitor\/wp-json\/wp\/v2\/users\/4"}],"replies":[{"embeddable":true,"href":"https:\/\/jms.com.bo\/mediamonitor\/wp-json\/wp\/v2\/comments?post=44925"}],"version-history":[{"count":0,"href":"https:\/\/jms.com.bo\/mediamonitor\/wp-json\/wp\/v2\/posts\/44925\/revisions"}],"wp:featuredmedia":[{"embeddable":true,"href":"https:\/\/jms.com.bo\/mediamonitor\/wp-json\/wp\/v2\/media\/44926"}],"wp:attachment":[{"href":"https:\/\/jms.com.bo\/mediamonitor\/wp-json\/wp\/v2\/media?parent=44925"}],"wp:term":[{"taxonomy":"category","embeddable":true,"href":"https:\/\/jms.com.bo\/mediamonitor\/wp-json\/wp\/v2\/categories?post=44925"},{"taxonomy":"post_tag","embeddable":true,"href":"https:\/\/jms.com.bo\/mediamonitor\/wp-json\/wp\/v2\/tags?post=44925"}],"curies":[{"name":"wp","href":"https:\/\/api.w.org\/{rel}","templated":true}]}}