{"id":44927,"date":"2023-03-01T06:42:54","date_gmt":"2023-03-01T10:42:54","guid":{"rendered":"https:\/\/jms.com.bo\/mediamonitor\/2023\/03\/01\/anez-denuncia-que-hace-12-dias-se-cumplio-su-detencion-en-el-caso-golpe-de-estado-i\/"},"modified":"2023-03-01T06:42:54","modified_gmt":"2023-03-01T10:42:54","slug":"anez-denuncia-que-hace-12-dias-se-cumplio-su-detencion-en-el-caso-golpe-de-estado-i","status":"publish","type":"post","link":"https:\/\/jms.com.bo\/mediamonitor\/2023\/03\/01\/anez-denuncia-que-hace-12-dias-se-cumplio-su-detencion-en-el-caso-golpe-de-estado-i\/","title":{"rendered":"\u00c1\u00f1ez denuncia que hace 12 d\u00edas se cumpli\u00f3 su detenci\u00f3n en el caso Golpe de Estado I"},"content":{"rendered":"<p style=\"text-align: justify;\">Jeanine \u00c1\u00f1ez denunci\u00f3 que hace casi dos semanas se cumpli\u00f3 el lapso de su detenci\u00f3n en el caso Golpe de Estado I. La ma\u00f1ana de este martes, el juez dispuso la postergaci\u00f3n de la audiencia que deb\u00eda considerar su situaci\u00f3n.<\/p>\n<p style=\"text-align: justify;\">\u201cHace 12 d\u00edas se cumpli\u00f3 la 5\u00aa detenci\u00f3n preventiva ilegal pero mis derechos no valen porque para el gobierno del MAS soy una presa pol\u00edtica, su trofeo\u201d, escribi\u00f3 a trav\u00e9s de sus redes sociales.<\/p>\n<p style=\"text-align: justify;\">\u00c1\u00f1ez, que el 12 de noviembre de 2019 se proclam\u00f3 presidenta en \u201csucesi\u00f3n\u201d del dimisionario Evo Morales, es procesada por terrorismo en el proceso instaurado por la exdiputada del Movimiento Al Socialismo (MAS) Lidia Patty.<\/p>\n<p style=\"text-align: justify;\">Se trata de los hechos precedentes a la ca\u00edda del mandatario, cuyo principal acusado y ahora encarcelado tambi\u00e9n es el gobernador Luis Fernando Camacho, entonces presidente del Comit\u00e9 pro Santa Cruz.<\/p>\n<p style=\"text-align: justify;\">\u00c1\u00f1ez fue detenida el 13 de marzo de 2021 y dos d\u00edas despu\u00e9s fue encarcelada en el penal de Miraflores, en La Paz, donde, adem\u00e1s, est\u00e1 recluida por el caso Golpe de Estado II. Fue sentenciada a 10 a\u00f1os de prisi\u00f3n en este proceso.<\/p>\n<p style=\"text-align: justify;\">Este caso termin\u00f3 en sentencia preliminar bajo los delitos de incumplimiento de deberes y resoluciones contrarias a la Constituci\u00f3n y las leyes.<\/p>\n<p style=\"text-align: justify;\">\u201c717 d\u00edas detenida y procesada ilegalmente. Si a los jueces y fiscales no les interesa aplicar la Constituci\u00f3n, menos los plazos\u201d, denunci\u00f3 tambi\u00e9n \u00c1\u00f1ez.<\/p>\n<p style=\"text-align: justify;\">Puede leer: Por fallas en la notificaci\u00f3n, se posterga la audiencia de Jeanine \u00c1\u00f1ez hasta el lunes<\/p>\n<p style=\"text-align: justify;\">Aquel 12 de noviembre, luego de reuniones extralegislativas en la Universidad Cat\u00f3lica que definieron su nombre, \u00c1\u00f1ez intent\u00f3 sin \u00e9xito convocar a sesi\u00f3n, inicialmente, en la C\u00e1mara de Senadores. Pese a la falta de quorum, se proclam\u00f3 presidenta del \u00f3rgano camaral.<\/p>\n<p style=\"text-align: justify;\">Junto a Morales tambi\u00e9n hab\u00edan renunciado el vicepresidente \u00c1lvaro Garc\u00eda y la presidenta de Senadores, Adriana Salvatierra. Antes que ellos, V\u00edctor Borda demiti\u00f3 a la presidencia de la C\u00e1mara de Senadores.<\/p>\n<p style=\"text-align: justify;\">Ante las renuncias de la l\u00ednea de sucesi\u00f3n, \u00c1\u00f1ez justific\u00f3 \u201cvac\u00edo de poder\u201d para proclamarse presidenta en sendos actos en Senadores y la Asamblea Legislativa, sin quorum ni bancada mayoritaria del MAS.<\/p>\n<p style=\"text-align: justify;\">Dos d\u00edas antes, el monse\u00f1or Eugenio Scarpellini le hab\u00eda planteado la sucesi\u00f3n en una conversaci\u00f3n v\u00eda tel\u00e9fono. Seg\u00fan cont\u00f3 al fiscal Omar Mejillones en junio de 2021, \u00c1\u00f1ez acept\u00f3 la oferta \u201cpor el pa\u00eds\u201d, planteada desde la Universidad Cat\u00f3lica.<\/p>\n<p style=\"text-align: justify;\">Este martes deb\u00eda desarrollarse la audiencia de ampliaci\u00f3n de la detenci\u00f3n preventiva de la exsenadora. Debido a fallos en la notificaci\u00f3n a los involucrados, el juez dispuso la postergaci\u00f3n de la cita para el 6 de marzo.<\/p>\n","protected":false},"excerpt":{"rendered":"<p>Jeanine \u00c1\u00f1ez denunci\u00f3 que hace casi dos semanas se cumpli\u00f3 el lapso de su detenci\u00f3n en el caso Golpe de Estado I. La ma\u00f1ana de este martes, el juez dispuso la postergaci\u00f3n de la audiencia que deb\u00eda considerar su situaci\u00f3n. \u201cHace 12 d\u00edas se cumpli\u00f3 la 5\u00aa detenci\u00f3n preventiva ilegal pero mis derechos no valen [&hellip;]<\/p>\n","protected":false},"author":4,"featured_media":44928,"comment_status":"open","ping_status":"open","sticky":false,"template":"","format":"standard","meta":{"footnotes":""},"categories":[18],"tags":[],"class_list":{"0":"post-44927","1":"post","2":"type-post","3":"status-publish","4":"format-standard","5":"has-post-thumbnail","7":"category-politica"},"_links":{"self":[{"href":"https:\/\/jms.com.bo\/mediamonitor\/wp-json\/wp\/v2\/posts\/44927","targetHints":{"allow":["GET"]}}],"collection":[{"href":"https:\/\/jms.com.bo\/mediamonitor\/wp-json\/wp\/v2\/posts"}],"about":[{"href":"https:\/\/jms.com.bo\/mediamonitor\/wp-json\/wp\/v2\/types\/post"}],"author":[{"embeddable":true,"href":"https:\/\/jms.com.bo\/mediamonitor\/wp-json\/wp\/v2\/users\/4"}],"replies":[{"embeddable":true,"href":"https:\/\/jms.com.bo\/mediamonitor\/wp-json\/wp\/v2\/comments?post=44927"}],"version-history":[{"count":0,"href":"https:\/\/jms.com.bo\/mediamonitor\/wp-json\/wp\/v2\/posts\/44927\/revisions"}],"wp:featuredmedia":[{"embeddable":true,"href":"https:\/\/jms.com.bo\/mediamonitor\/wp-json\/wp\/v2\/media\/44928"}],"wp:attachment":[{"href":"https:\/\/jms.com.bo\/mediamonitor\/wp-json\/wp\/v2\/media?parent=44927"}],"wp:term":[{"taxonomy":"category","embeddable":true,"href":"https:\/\/jms.com.bo\/mediamonitor\/wp-json\/wp\/v2\/categories?post=44927"},{"taxonomy":"post_tag","embeddable":true,"href":"https:\/\/jms.com.bo\/mediamonitor\/wp-json\/wp\/v2\/tags?post=44927"}],"curies":[{"name":"wp","href":"https:\/\/api.w.org\/{rel}","templated":true}]}}