{"id":44929,"date":"2023-03-01T06:44:34","date_gmt":"2023-03-01T10:44:34","guid":{"rendered":"https:\/\/jms.com.bo\/mediamonitor\/2023\/03\/01\/tras-advertencia-de-garcia-linera-en-el-mas-dicen-que-las-diferencias-se-zanjaran-en-las-primarias\/"},"modified":"2023-03-01T06:44:34","modified_gmt":"2023-03-01T10:44:34","slug":"tras-advertencia-de-garcia-linera-en-el-mas-dicen-que-las-diferencias-se-zanjaran-en-las-primarias","status":"publish","type":"post","link":"https:\/\/jms.com.bo\/mediamonitor\/2023\/03\/01\/tras-advertencia-de-garcia-linera-en-el-mas-dicen-que-las-diferencias-se-zanjaran-en-las-primarias\/","title":{"rendered":"Tras advertencia de Garc\u00eda Linera, en el MAS dicen que las diferencias se zanjar\u00e1n en las primarias"},"content":{"rendered":"<p style=\"text-align: justify;\">Luego que el exvicepresidente \u00c1lvaro Garc\u00eda Linera dijo que la divisi\u00f3n en el MAS derivar\u00e1 en un \u201csuicidio electoral\u201d en los comicios de 2025. Desde el Movimiento Al Socialismo (MAS) afirmaron que las diferencias se zanjar\u00e1n en las elecciones primarias.<\/p>\n<p style=\"text-align: justify;\">La crisis en el partido oficialista se ahond\u00f3, desde el a\u00f1o pasado, tras las acusaciones y cr\u00edticas que surgieron entre los dos bloques oficialistas. El ala \u201cevista\u201d, con seguidores del expresidente Evo Morales, y los denominados \u201crenovadores\u201d, afines al presidente Luis Arce.<\/p>\n<p style=\"text-align: justify;\">\u201cPor motivos electorales es un suicidio pol\u00edtico apostar a dividir y fragmentar nuestro proyecto\u201d. Asegur\u00f3 Garc\u00eda Linera, en entrevista con el programa \u201cPiedra, papel y tinta\u201d, de La Raz\u00f3n.<\/p>\n<p style=\"text-align: justify;\">Advirti\u00f3 que estas diferencias pueden \u201cllegar a posiciones rupturistas; si esto no se detiene corremos el riesgo de perder las elecciones en 2025\u201d.<\/p>\n<p style=\"text-align: justify;\">Al respecto, la diputada Daisy Choque, del bloque \u201crenovador\u201d, afirm\u00f3 que el exvicepresidente hizo algunas declaraciones \u201csubliminales\u201d. Sin embargo, indic\u00f3 que la crisis se resolver\u00e1 en las internas, donde el partido elegir\u00e1 al binomio para 2025.<\/p>\n<p style=\"text-align: justify;\">\u201cEl ataque sigue siendo permanente, pero tenemos claro de que la unidad es importante, y en ese marco son importantes las primarias que van a definir qui\u00e9n va ir a la cabeza del MAS como candidato\u201d, se\u00f1al\u00f3 la legisladora.<\/p>\n<p style=\"text-align: justify;\">Garc\u00eda Linera<br \/>\nPrecis\u00f3 que en el momento de las elecciones internas en ese frente se definir\u00e1n los liderazgos y con el postulante que gane \u201ccerraremos filas y todos apuntaremos\u201d al binomio que elija el partido para 2025.<\/p>\n<p style=\"text-align: justify;\">Choque argumento que el MAS es una estructura \u201cbastante grande\u201d y que pese a la divisi\u00f3n interna, hay una \u201cl\u00ednea clara\u201d que se debe seguir.<br \/>\n\u201cLa persona que quiera ser candidato seguro est\u00e1 haciendo los m\u00e9ritos correspondientes\u201d enfatiz\u00f3.<\/p>\n<p style=\"text-align: justify;\">Por su parte, el senador \u201cevista\u201d Luis Adolfo Flores respald\u00f3 la postura de Garc\u00eda Linera en el entendido que se debe recomponer la estructura pol\u00edtica, para llegar \u201cfortalecidos\u201d a las elecciones de 2025.<\/p>\n<p style=\"text-align: justify;\">Primarias<br \/>\n\u201cEs una visi\u00f3n inteligente la de Garc\u00eda Linera, pues unidos se garantiza una victoria, escuchando al pueblo (\u2026). En las elecciones internas, los militantes del MAS definir\u00e1n y eso consolidar\u00e1 la victoria\u201d.<\/p>\n<p style=\"text-align: justify;\">Inst\u00f3 a terminar con la divisi\u00f3n de las alas de \u201cevistas\u201d y \u201crenovadores\u201d, pues al final todos los integrantes del MAS \u201cse someter\u00e1n a la decisi\u00f3n de los militantes sobre las candidaturas\u201d en las primarias, previstas para 2024.<\/p>\n<p style=\"text-align: justify;\">Por su parte, la exdiputada Susana Rivero resalt\u00f3 el an\u00e1lisis realizado por Garc\u00eda Linera, en momentos que la divisi\u00f3n en el MAS se ahond\u00f3 en diferentes \u00e1mbitos.<\/p>\n<p style=\"text-align: justify;\">\u201cA este \u00c1lvaro sereno, reflexivo, anal\u00edtico y de izquierda se le extra\u00f1aba. Comparto con su an\u00e1lisis como ciudadana. Peleas internas y mezquindades pol\u00edticas joden a todes y yo sigo queriendo m\u00e1s derechos para mujeres, eso solo se logra a la izquierda\u201d, escribi\u00f3 en su cuenta de Twitter.<\/p>\n<p style=\"text-align: justify;\">Diferencias<br \/>\nEl a\u00f1o pasado, entre octubre y noviembre, la Ley del Censo gener\u00f3 una evidente fractura en el frente oficialista al interior de la Asamblea. Los denominados \u201crenovadores\u201d promovieron la aprobaci\u00f3n de la norma, que fij\u00f3 el empadronamiento para 2024.<\/p>\n<p style=\"text-align: justify;\">Esa acci\u00f3n gener\u00f3 molestia en el bloque \u201cevista\u201d, que acus\u00f3 a sus colegas de traidores por un presunto \u201cpacto\u201d con la derecha.<\/p>\n<p style=\"text-align: justify;\">A este escenario de crisis le sigui\u00f3 la aprobaci\u00f3n del Presupuesto General del Estado (PGE), batalla que tambi\u00e9n se libr\u00f3 en el Legislativo, entre \u201crenovadores\u201d y \u201cevistas\u201d.<\/p>\n<p style=\"text-align: justify;\">MAS<br \/>\nEl m\u00e1s reciente hecho son las acusaciones y cuestionamientos por la existencia y labor que desarrollan los denominados \u201cguerreros digitales\u201d, que de nuevo ha enfrentado a ambos bloques.<\/p>\n<p style=\"text-align: justify;\">El expresidente Morales y otros legisladores acusaron a los ministerios de la Presidencia y de Gobierno de cobijar a estos \u201cguerreros\u201d para atacar al exmandatario y sus seguidores.<\/p>\n","protected":false},"excerpt":{"rendered":"<p>Luego que el exvicepresidente \u00c1lvaro Garc\u00eda Linera dijo que la divisi\u00f3n en el MAS derivar\u00e1 en un \u201csuicidio electoral\u201d en los comicios de 2025. Desde el Movimiento Al Socialismo (MAS) afirmaron que las diferencias se zanjar\u00e1n en las elecciones primarias. La crisis en el partido oficialista se ahond\u00f3, desde el a\u00f1o pasado, tras las acusaciones [&hellip;]<\/p>\n","protected":false},"author":4,"featured_media":44930,"comment_status":"open","ping_status":"open","sticky":false,"template":"","format":"standard","meta":{"footnotes":""},"categories":[18],"tags":[],"class_list":{"0":"post-44929","1":"post","2":"type-post","3":"status-publish","4":"format-standard","5":"has-post-thumbnail","7":"category-politica"},"_links":{"self":[{"href":"https:\/\/jms.com.bo\/mediamonitor\/wp-json\/wp\/v2\/posts\/44929","targetHints":{"allow":["GET"]}}],"collection":[{"href":"https:\/\/jms.com.bo\/mediamonitor\/wp-json\/wp\/v2\/posts"}],"about":[{"href":"https:\/\/jms.com.bo\/mediamonitor\/wp-json\/wp\/v2\/types\/post"}],"author":[{"embeddable":true,"href":"https:\/\/jms.com.bo\/mediamonitor\/wp-json\/wp\/v2\/users\/4"}],"replies":[{"embeddable":true,"href":"https:\/\/jms.com.bo\/mediamonitor\/wp-json\/wp\/v2\/comments?post=44929"}],"version-history":[{"count":0,"href":"https:\/\/jms.com.bo\/mediamonitor\/wp-json\/wp\/v2\/posts\/44929\/revisions"}],"wp:featuredmedia":[{"embeddable":true,"href":"https:\/\/jms.com.bo\/mediamonitor\/wp-json\/wp\/v2\/media\/44930"}],"wp:attachment":[{"href":"https:\/\/jms.com.bo\/mediamonitor\/wp-json\/wp\/v2\/media?parent=44929"}],"wp:term":[{"taxonomy":"category","embeddable":true,"href":"https:\/\/jms.com.bo\/mediamonitor\/wp-json\/wp\/v2\/categories?post=44929"},{"taxonomy":"post_tag","embeddable":true,"href":"https:\/\/jms.com.bo\/mediamonitor\/wp-json\/wp\/v2\/tags?post=44929"}],"curies":[{"name":"wp","href":"https:\/\/api.w.org\/{rel}","templated":true}]}}