{"id":44931,"date":"2023-03-01T06:45:41","date_gmt":"2023-03-01T10:45:41","guid":{"rendered":"https:\/\/jms.com.bo\/mediamonitor\/2023\/03\/01\/desde-cc-advierten-que-un-referendum-revocatorio-puede-ser-un-error-politico-garrafal\/"},"modified":"2023-03-01T06:45:41","modified_gmt":"2023-03-01T10:45:41","slug":"desde-cc-advierten-que-un-referendum-revocatorio-puede-ser-un-error-politico-garrafal","status":"publish","type":"post","link":"https:\/\/jms.com.bo\/mediamonitor\/2023\/03\/01\/desde-cc-advierten-que-un-referendum-revocatorio-puede-ser-un-error-politico-garrafal\/","title":{"rendered":"Desde CC advierten que un refer\u00e9ndum revocatorio puede ser un \u2018error pol\u00edtico garrafal\u2019"},"content":{"rendered":"<p style=\"text-align: justify;\">Desde la alianza Comunidad Ciudadana (CC) advirtieron que un eventual refer\u00e9ndum revocatorio de mandato del presidente Luis Arce puede ser un \u201cerror pol\u00edtico garrafal\u201d.<\/p>\n<p style=\"text-align: justify;\">Esa postura se distancia de la que asumi\u00f3 Creemos, liderada por el encarcelado gobernador de Santa Cruz, Luis Fernando Camacho.<\/p>\n<p style=\"text-align: justify;\">El diputado Carlos Alarc\u00f3n (CC) consider\u00f3 que debe abandonarse esa postura, alentada por la dirigencia c\u00edvica cruce\u00f1a.<\/p>\n<p style=\"text-align: justify;\">El colectivo cruce\u00f1o advirti\u00f3 con esa medida si es que el gobierno de Luis Arce no cede a la demanda de una ley de amnist\u00eda. Para favorecer a los que denominaron como \u201cpresos pol\u00edticos\u201d.<\/p>\n<p style=\"text-align: justify;\">\u201cEl revocatorio, por supuesto, que es un derecho constitucional y nadie puede cuestionar u oponerse al ejercicio de un derecho\u00bb. \u00abPero tenemos que tener en claro que los resultados de ese revocatorio pueden ser un error pol\u00edtico garrafal\u201d, alert\u00f3 el opositor.<\/p>\n<p style=\"text-align: justify;\">El nuevo presidente del Comit\u00e9 pro Santa Cruz, Fernando Larach, dijo el fin de semana que para iniciar el revocatorio. Se puede convocar a una reuni\u00f3n del movimiento c\u00edvico nacional.<\/p>\n<p style=\"text-align: justify;\">Refer\u00e9ndum<br \/>\nNo obstante, varios de sus aliados, como el denominado Comit\u00e9 Nacional de Defensa de la Democracia (Conade), desestimaron la posibilidad de que esa iniciativa prospere.<\/p>\n<p style=\"text-align: justify;\">Alarc\u00f3n consider\u00f3 que en caso de no revocarse al Mandatario se lo \u201creposicionar\u00e1 pol\u00edticamente. Como en su momento se hizo con Evo Morales\u201d, quien fue ratificado en el cargo con el 67,40% en el refer\u00e9ndum de 2009.<\/p>\n<p style=\"text-align: justify;\">En un segundo escenario, \u201casumamos que se dan todas estas condiciones y se logra revocar al presidente Arce con m\u00e1s del 55,11% de los votos. Tiene que haber elecci\u00f3n para un nuevo presidente que solo va a tener de mandato, en el mejor de los casos, menos de un a\u00f1o y medio, y en el peor de los casos menos de un a\u00f1o\u00bb.<\/p>\n<p style=\"text-align: justify;\">Error<br \/>\nEl legislador sugiri\u00f3 \u201creflexionar\u201d a los promotores del revocatorio.<\/p>\n<p style=\"text-align: justify;\">M\u00e1s bien les plante\u00f3 que la oposici\u00f3n \u201cfortalezca un esquema de unidad para presentar una candidatura fuerte, s\u00f3lida, con programa y con visi\u00f3n alternativa del pa\u00eds para 2025\u201d.<\/p>\n","protected":false},"excerpt":{"rendered":"<p>Desde la alianza Comunidad Ciudadana (CC) advirtieron que un eventual refer\u00e9ndum revocatorio de mandato del presidente Luis Arce puede ser un \u201cerror pol\u00edtico garrafal\u201d. Esa postura se distancia de la que asumi\u00f3 Creemos, liderada por el encarcelado gobernador de Santa Cruz, Luis Fernando Camacho. El diputado Carlos Alarc\u00f3n (CC) consider\u00f3 que debe abandonarse esa postura, [&hellip;]<\/p>\n","protected":false},"author":4,"featured_media":44932,"comment_status":"open","ping_status":"open","sticky":false,"template":"","format":"standard","meta":{"footnotes":""},"categories":[18,48,46],"tags":[],"class_list":{"0":"post-44931","1":"post","2":"type-post","3":"status-publish","4":"format-standard","5":"has-post-thumbnail","7":"category-politica","8":"category-portada-general-sitio","9":"category-portada-politica"},"_links":{"self":[{"href":"https:\/\/jms.com.bo\/mediamonitor\/wp-json\/wp\/v2\/posts\/44931","targetHints":{"allow":["GET"]}}],"collection":[{"href":"https:\/\/jms.com.bo\/mediamonitor\/wp-json\/wp\/v2\/posts"}],"about":[{"href":"https:\/\/jms.com.bo\/mediamonitor\/wp-json\/wp\/v2\/types\/post"}],"author":[{"embeddable":true,"href":"https:\/\/jms.com.bo\/mediamonitor\/wp-json\/wp\/v2\/users\/4"}],"replies":[{"embeddable":true,"href":"https:\/\/jms.com.bo\/mediamonitor\/wp-json\/wp\/v2\/comments?post=44931"}],"version-history":[{"count":0,"href":"https:\/\/jms.com.bo\/mediamonitor\/wp-json\/wp\/v2\/posts\/44931\/revisions"}],"wp:featuredmedia":[{"embeddable":true,"href":"https:\/\/jms.com.bo\/mediamonitor\/wp-json\/wp\/v2\/media\/44932"}],"wp:attachment":[{"href":"https:\/\/jms.com.bo\/mediamonitor\/wp-json\/wp\/v2\/media?parent=44931"}],"wp:term":[{"taxonomy":"category","embeddable":true,"href":"https:\/\/jms.com.bo\/mediamonitor\/wp-json\/wp\/v2\/categories?post=44931"},{"taxonomy":"post_tag","embeddable":true,"href":"https:\/\/jms.com.bo\/mediamonitor\/wp-json\/wp\/v2\/tags?post=44931"}],"curies":[{"name":"wp","href":"https:\/\/api.w.org\/{rel}","templated":true}]}}