{"id":46373,"date":"2023-03-22T06:11:10","date_gmt":"2023-03-22T10:11:10","guid":{"rendered":"https:\/\/jms.com.bo\/mediamonitor\/2023\/03\/22\/en-el-dia-mundial-del-sindrome-de-down-recuerdan-la-importancia-de-la-inclusion\/"},"modified":"2023-03-22T06:11:10","modified_gmt":"2023-03-22T10:11:10","slug":"en-el-dia-mundial-del-sindrome-de-down-recuerdan-la-importancia-de-la-inclusion","status":"publish","type":"post","link":"https:\/\/jms.com.bo\/mediamonitor\/2023\/03\/22\/en-el-dia-mundial-del-sindrome-de-down-recuerdan-la-importancia-de-la-inclusion\/","title":{"rendered":"En el D\u00eda Mundial del S\u00edndrome de Down recuerdan la importancia de la inclusi\u00f3n"},"content":{"rendered":"<p style=\"text-align: justify;\">En el D\u00eda Mundial del S\u00edndrome de Down, que se conmemora cada 21 de marzo, las autoridades tanto de la Gobernaci\u00f3n de Santa Cruz como del Concejo Municipal de Santa Cruz de la Sierra recordaron la importancia de la inclusi\u00f3n de las personas que nacieron con este s\u00edndrome en diferentes actividades.<\/p>\n<p style=\"text-align: justify;\">El Servicio Departamental de Pol\u00edticas Sociales (Sedepos), dependiente de la Gobernaci\u00f3n, organiz\u00f3 un evento deportivo en la pista de atletismo de la Villa Ol\u00edmpica bajo el lema \u201cCada uno a su ritmo\u201d, que comenz\u00f3 con la llegada de los participantes, menores de todas las edades y j\u00f3venes, acompa\u00f1ados de sus padres. Realizaron carreras cortas y los ganadores fueron premiados.<\/p>\n<p style=\"text-align: justify;\">La directora del Sedepos, Mar\u00eda Jos\u00e9 Miranda, destac\u00f3 la importancia de \u201cpromover la inclusi\u00f3n de las personas con s\u00edndrome de Down, porque todos vivimos, cada uno, a nuestro ritmo\u201d. Tambi\u00e9n agreg\u00f3 que es importante sensibilizar a la poblaci\u00f3n sobre el respeto y la empat\u00eda hacia las personas con s\u00edndrome de Down y sus familias.<\/p>\n<p style=\"text-align: justify;\">Por otro lado, en el sal\u00f3n principal del Concejo Municipal de Santa Cruz de la Sierra, un grupo de menores de edad fueron recibidos por el presidente, Israel Alc\u00f3cer, y por el c\u00f3nsul de China, Wang Jialei, quienes les entregaron regalos y bailaron al ritmo de la banda.<\/p>\n<p style=\"text-align: justify;\">\u00abEs un d\u00eda muy especial, por eso hemos querido compartir con ellos. Es importante recordar la importancia de la inclusi\u00f3n y por ello nos sumamos a la campa\u00f1a de las medias de colores diferentes\u00bb, manifest\u00f3 Alc\u00f3cer, quien bail\u00f3 sin zapatos y con calcetines impares, apoyando la iniciativa que marc\u00f3 esta jornada.<\/p>\n<p style=\"text-align: justify;\">Por su lado, el presidente de la Asociaci\u00f3n de padres de familia de menores con s\u00edndrome de Down, Demmi Bravo, dijo que la inclusi\u00f3n \u00abes una batalla de todos los d\u00edas\u00bb.<\/p>\n<p style=\"text-align: justify;\">Los calcetines diversos y coloridos son para visibilizar a las personas con s\u00edndrome de Down y tomarlos en cuenta; para concienciar que toda vida importa y se defiende, explicaron.<\/p>\n<p style=\"text-align: justify;\">\n","protected":false},"excerpt":{"rendered":"<p>En el D\u00eda Mundial del S\u00edndrome de Down, que se conmemora cada 21 de marzo, las autoridades tanto de la Gobernaci\u00f3n de Santa Cruz como del Concejo Municipal de Santa Cruz de la Sierra recordaron la importancia de la inclusi\u00f3n de las personas que nacieron con este s\u00edndrome en diferentes actividades. El Servicio Departamental de [&hellip;]<\/p>\n","protected":false},"author":4,"featured_media":46374,"comment_status":"open","ping_status":"closed","sticky":false,"template":"","format":"standard","meta":{"footnotes":""},"categories":[53],"tags":[],"class_list":{"0":"post-46373","1":"post","2":"type-post","3":"status-publish","4":"format-standard","5":"has-post-thumbnail","7":"category-salud"},"_links":{"self":[{"href":"https:\/\/jms.com.bo\/mediamonitor\/wp-json\/wp\/v2\/posts\/46373","targetHints":{"allow":["GET"]}}],"collection":[{"href":"https:\/\/jms.com.bo\/mediamonitor\/wp-json\/wp\/v2\/posts"}],"about":[{"href":"https:\/\/jms.com.bo\/mediamonitor\/wp-json\/wp\/v2\/types\/post"}],"author":[{"embeddable":true,"href":"https:\/\/jms.com.bo\/mediamonitor\/wp-json\/wp\/v2\/users\/4"}],"replies":[{"embeddable":true,"href":"https:\/\/jms.com.bo\/mediamonitor\/wp-json\/wp\/v2\/comments?post=46373"}],"version-history":[{"count":0,"href":"https:\/\/jms.com.bo\/mediamonitor\/wp-json\/wp\/v2\/posts\/46373\/revisions"}],"wp:featuredmedia":[{"embeddable":true,"href":"https:\/\/jms.com.bo\/mediamonitor\/wp-json\/wp\/v2\/media\/46374"}],"wp:attachment":[{"href":"https:\/\/jms.com.bo\/mediamonitor\/wp-json\/wp\/v2\/media?parent=46373"}],"wp:term":[{"taxonomy":"category","embeddable":true,"href":"https:\/\/jms.com.bo\/mediamonitor\/wp-json\/wp\/v2\/categories?post=46373"},{"taxonomy":"post_tag","embeddable":true,"href":"https:\/\/jms.com.bo\/mediamonitor\/wp-json\/wp\/v2\/tags?post=46373"}],"curies":[{"name":"wp","href":"https:\/\/api.w.org\/{rel}","templated":true}]}}